{"id":177828,"date":"2021-05-12T16:25:32","date_gmt":"2021-05-12T15:25:32","guid":{"rendered":"https:\/\/www.tendenzeshabbychic.it\/2021\/05\/12\/mathilde-m-un-peu-de-france-dans-nos-maisons\/"},"modified":"2025-03-15T09:24:47","modified_gmt":"2025-03-15T08:24:47","slug":"mathilde-m-un-peu-de-france-dans-nos-maisons","status":"publish","type":"post","link":"https:\/\/www.tendenzeshabbychic.it\/fr\/2021\/05\/12\/mathilde-m-un-peu-de-france-dans-nos-maisons\/","title":{"rendered":"Mathilde M. un peu de France dans nos maisons"},"content":{"rendered":"\n<div class=\"row\"  id=\"row-1535753557\">\n\n\n\t<div id=\"col-1899883065\" class=\"col medium-7 small-12 large-7\"  >\n\t\t\t\t<div class=\"col-inner\"  >\n\t\t\t\n\t\t\t\n\n<p><span style=\"font-size: 120%;\">Depuis plus de 15 ans, Mathilde M. cr\u00e9e des parfums qui enchantent nos int\u00e9rieurs.<\/span><\/p>\n<p><span style=\"font-size: 120%;\">Tous les parfums Mathilde M. sont \u00e9labor\u00e9s en \u00e9troite collaboration avec des ma\u00eetres parfumeurs fran\u00e7ais de <a href=\"https:\/\/it.wikipedia.org\/wiki\/Grasse\" target=\"_blank\" rel=\"noopener\"><em>Grasse<\/em><\/a>la capitale mondiale du parfum depuis le 16\u00e8me si\u00e8cle.<\/span><\/p>\n<p><span style=\"font-size: 120%;\">Les parfums de Mathilde M. naissent comme des parfums corporels \u00e0 partir de m\u00e9langes soigneusement con\u00e7us, en fait ses notes olfactives sont facilement reconnaissables, je dirais m\u00eame uniques.<\/span><\/p>\n\n\t\t<\/div>\n\t\t\t\t\t<\/div>\n\n\t\n\n\t<div id=\"col-1950649218\" class=\"col medium-5 small-12 large-5\"  >\n\t\t\t\t<div class=\"col-inner\"  >\n\t\t\t\n\t\t\t\n\n\t<div class=\"img has-hover x md-x lg-x y md-y lg-y\" id=\"image_1925429002\">\n\t\t\t\t\t\t\t\t<div class=\"img-inner dark\" >\n\t\t\t<img loading=\"lazy\" decoding=\"async\" width=\"503\" height=\"800\" src=\"https:\/\/www.tendenzeshabbychic.it\/wp-content\/uploads\/2021\/05\/mathilde-maestri-profumieri-503x800.jpg\" class=\"attachment-large size-large\" alt=\"\" srcset=\"https:\/\/www.tendenzeshabbychic.it\/wp-content\/uploads\/2021\/05\/mathilde-maestri-profumieri-503x800.jpg 503w, https:\/\/www.tendenzeshabbychic.it\/wp-content\/uploads\/2021\/05\/mathilde-maestri-profumieri-64x102.jpg 64w, https:\/\/www.tendenzeshabbychic.it\/wp-content\/uploads\/2021\/05\/mathilde-maestri-profumieri-500x796.jpg 500w, https:\/\/www.tendenzeshabbychic.it\/wp-content\/uploads\/2021\/05\/mathilde-maestri-profumieri-251x400.jpg 251w, https:\/\/www.tendenzeshabbychic.it\/wp-content\/uploads\/2021\/05\/mathilde-maestri-profumieri-510x812.jpg 510w, https:\/\/www.tendenzeshabbychic.it\/wp-content\/uploads\/2021\/05\/mathilde-maestri-profumieri.jpg 729w\" sizes=\"auto, (max-width: 503px) 100vw, 503px\" \/>\t\t\t\t\t\t\n\t\t\t\t\t<\/div>\n\t\t\t\t\t\t\t\t\n<style>\n#image_1925429002 {\n  width: 100%;\n}\n<\/style>\n\t<\/div>\n\t\n\n\n\t\t<\/div>\n\t\t\t\t\t<\/div>\n\n\t\n\n\t<div id=\"col-1684864004\" class=\"col small-12 large-12\"  >\n\t\t\t\t<div class=\"col-inner\"  >\n\t\t\t\n\t\t\t\n\n<div class=\"row\"  id=\"row-2005592349\">\n\n\n\t<div id=\"col-704292592\" class=\"col medium-6 small-12 large-6\"  >\n\t\t\t\t<div class=\"col-inner\"  >\n\t\t\t\n\t\t\t\n\n<h3>Chalks Mathilde M.<\/h3>\n<p>Les c\u00e9l\u00e8bres et odorantes d\u00e9corations en pl\u00e2tre de Mathilde M. sont produites dans ses ateliers entre la France et la Tunisie et minutieusement sculpt\u00e9es \u00e0 la main.<\/p>\n\t\n  \n    <div id=\"product-grid-441826641\" class=\"row large-columns-1 medium-columns- small-columns- row-small has-shadow row-box-shadow-1 row-box-shadow-5-hover row-masonry\" data-packery-options='{\"itemSelector\": \".col\", \"gutter\": 0, \"presentageWidth\" : true}'>\n\n  <\/div>\n\n\n\t\t<\/div>\n\t\t\t\t\t<\/div>\n\n\t\n\n\t<div id=\"col-297153312\" class=\"col medium-6 small-12 large-6\"  >\n\t\t\t\t<div class=\"col-inner\"  >\n\t\t\t\n\t\t\t\n\n\t<div id=\"gap-802894503\" class=\"gap-element clearfix\" style=\"display:block; height:auto;\">\n\t\t\n<style>\n#gap-802894503 {\n  padding-top: 65px;\n}\n<\/style>\n\t<\/div>\n\t\n\n\t<div class=\"img has-hover x md-x lg-x y md-y lg-y\" id=\"image_808684548\">\n\t\t\t\t\t\t\t\t<div class=\"img-inner dark\" >\n\t\t\t<img loading=\"lazy\" decoding=\"async\" width=\"316\" height=\"400\" src=\"https:\/\/www.tendenzeshabbychic.it\/wp-content\/uploads\/2021\/05\/gessi-mathilde-m-316x400.jpg\" class=\"attachment-medium size-medium\" alt=\"\" srcset=\"https:\/\/www.tendenzeshabbychic.it\/wp-content\/uploads\/2021\/05\/gessi-mathilde-m-316x400.jpg 316w, https:\/\/www.tendenzeshabbychic.it\/wp-content\/uploads\/2021\/05\/gessi-mathilde-m-64x81.jpg 64w, https:\/\/www.tendenzeshabbychic.it\/wp-content\/uploads\/2021\/05\/gessi-mathilde-m-500x634.jpg 500w, https:\/\/www.tendenzeshabbychic.it\/wp-content\/uploads\/2021\/05\/gessi-mathilde-m-510x646.jpg 510w, https:\/\/www.tendenzeshabbychic.it\/wp-content\/uploads\/2021\/05\/gessi-mathilde-m.jpg 520w\" sizes=\"auto, (max-width: 316px) 100vw, 316px\" \/>\t\t\t\t\t\t\n\t\t\t\t\t<\/div>\n\t\t\t\t\t\t\t\t\n<style>\n#image_808684548 {\n  width: 100%;\n}\n<\/style>\n\t<\/div>\n\t\n\n\n\t\t<\/div>\n\t\t\t\t\t<\/div>\n\n\t\n\n<\/div>\n\n\t\t<\/div>\n\t\t\t\t\t<\/div>\n\n\t\n\n<\/div>\n<div class=\"row\"  id=\"row-1062736866\">\n\n\n\t<div id=\"col-96153762\" class=\"col medium-4 small-12 large-4\"  >\n\t\t\t\t<div class=\"col-inner\"  >\n\t\t\t\n\t\t\t\n\n\t<div class=\"img has-hover x md-x lg-x y md-y lg-y\" id=\"image_1549439681\">\n\t\t\t\t\t\t\t\t<div class=\"img-inner dark\" >\n\t\t\t<img loading=\"lazy\" decoding=\"async\" width=\"766\" height=\"800\" src=\"https:\/\/www.tendenzeshabbychic.it\/wp-content\/uploads\/2021\/05\/Tela-Trompe-loeil-Marches-du-Palais-2-766x800.jpg\" class=\"attachment-large size-large\" alt=\"\" srcset=\"https:\/\/www.tendenzeshabbychic.it\/wp-content\/uploads\/2021\/05\/Tela-Trompe-loeil-Marches-du-Palais-2-766x800.jpg 766w, https:\/\/www.tendenzeshabbychic.it\/wp-content\/uploads\/2021\/05\/Tela-Trompe-loeil-Marches-du-Palais-2-1000x1045.jpg 1000w, https:\/\/www.tendenzeshabbychic.it\/wp-content\/uploads\/2021\/05\/Tela-Trompe-loeil-Marches-du-Palais-2-64x67.jpg 64w, https:\/\/www.tendenzeshabbychic.it\/wp-content\/uploads\/2021\/05\/Tela-Trompe-loeil-Marches-du-Palais-2-383x400.jpg 383w, https:\/\/www.tendenzeshabbychic.it\/wp-content\/uploads\/2021\/05\/Tela-Trompe-loeil-Marches-du-Palais-2-768x803.jpg 768w, https:\/\/www.tendenzeshabbychic.it\/wp-content\/uploads\/2021\/05\/Tela-Trompe-loeil-Marches-du-Palais-2-510x533.jpg 510w, https:\/\/www.tendenzeshabbychic.it\/wp-content\/uploads\/2021\/05\/Tela-Trompe-loeil-Marches-du-Palais-2.jpg 1110w\" sizes=\"auto, (max-width: 766px) 100vw, 766px\" \/>\t\t\t\t\t\t\n\t\t\t\t\t<\/div>\n\t\t\t\t\t\t\t\t\n<style>\n#image_1549439681 {\n  width: 100%;\n}\n<\/style>\n\t<\/div>\n\t\n\n\n\t\t<\/div>\n\t\t\t\t\t<\/div>\n\n\t\n\n\t<div id=\"col-460124785\" class=\"col medium-4 small-12 large-4\"  >\n\t\t\t\t<div class=\"col-inner\"  >\n\t\t\t\n\t\t\t\n\n<h2 style=\"text-align: center;\">Mathilde M.<br>Palazzo Bello<\/h2>\n<p>La collection 2021 s&rsquo;appelle Palazzo Bello, un hommage \u00e0 notre pays.<br>Couleurs douces, <a href=\"https:\/\/www.tendenzeshabbychic.it\/fr\/Etiquette-produit\/patine-vintage\/\">patines vintage<\/a> se m\u00ealent aux senteurs de la M\u00e9diterran\u00e9e.<\/p>\n\n\t\t<\/div>\n\t\t\t\t\t<\/div>\n\n\t\n\n\t<div id=\"col-1084330304\" class=\"col medium-4 small-12 large-4\"  >\n\t\t\t\t<div class=\"col-inner\"  >\n\t\t\t\n\t\t\t\n\n\t<div class=\"img has-hover x md-x lg-x y md-y lg-y\" id=\"image_1701611647\">\n\t\t\t\t\t\t\t\t<div class=\"img-inner dark\" >\n\t\t\t<img loading=\"lazy\" decoding=\"async\" width=\"766\" height=\"800\" src=\"https:\/\/www.tendenzeshabbychic.it\/wp-content\/uploads\/2021\/05\/tela-vista-mare-2-766x800.jpg\" class=\"attachment-large size-large\" alt=\"\" srcset=\"https:\/\/www.tendenzeshabbychic.it\/wp-content\/uploads\/2021\/05\/tela-vista-mare-2-766x800.jpg 766w, https:\/\/www.tendenzeshabbychic.it\/wp-content\/uploads\/2021\/05\/tela-vista-mare-2-1000x1045.jpg 1000w, https:\/\/www.tendenzeshabbychic.it\/wp-content\/uploads\/2021\/05\/tela-vista-mare-2-64x67.jpg 64w, https:\/\/www.tendenzeshabbychic.it\/wp-content\/uploads\/2021\/05\/tela-vista-mare-2-383x400.jpg 383w, https:\/\/www.tendenzeshabbychic.it\/wp-content\/uploads\/2021\/05\/tela-vista-mare-2-768x803.jpg 768w, https:\/\/www.tendenzeshabbychic.it\/wp-content\/uploads\/2021\/05\/tela-vista-mare-2-510x533.jpg 510w, https:\/\/www.tendenzeshabbychic.it\/wp-content\/uploads\/2021\/05\/tela-vista-mare-2.jpg 1110w\" sizes=\"auto, (max-width: 766px) 100vw, 766px\" \/>\t\t\t\t\t\t\n\t\t\t\t\t<\/div>\n\t\t\t\t\t\t\t\t\n<style>\n#image_1701611647 {\n  width: 100%;\n}\n<\/style>\n\t<\/div>\n\t\n\n\n\t\t<\/div>\n\t\t\t\t\t<\/div>\n\n\t\n\n<\/div>\n<div class=\"row\"  id=\"row-495894727\">\n\n\n\t<div id=\"col-417493525\" class=\"col small-12 large-12\"  >\n\t\t\t\t<div class=\"col-inner\"  >\n\t\t\t\n\t\t\t\n\n\t\n  \n    <div class=\"row large-columns-4 medium-columns-3 small-columns-2 row-small has-shadow row-box-shadow-1 slider row-slider slider-nav-reveal slider-nav-push\"  data-flickity-options='{&quot;imagesLoaded&quot;: true, &quot;groupCells&quot;: &quot;100%&quot;, &quot;dragThreshold&quot; : 5, &quot;cellAlign&quot;: &quot;left&quot;,&quot;wrapAround&quot;: true,&quot;prevNextButtons&quot;: true,&quot;percentPosition&quot;: true,&quot;pageDots&quot;: false, &quot;rightToLeft&quot;: false, &quot;autoPlay&quot; : false}' >\n\n  \n\t     <div class=\"product-small col has-hover product type-product post-73866 status-publish first instock product_cat-peintures-et-toiles product_tag-chambre product_tag-salle-a-manger has-post-thumbnail sale taxable shipping-taxable purchasable product-type-simple\">\n\t<div class=\"col-inner\">\n\t\n<div class=\"badge-container absolute left top z-1\">\n<div class=\"callout badge badge-square\"><div class=\"badge-inner secondary on-sale\"><span class=\"onsale\">-12%<\/span><\/div><\/div>\n<\/div>\n\t<div class=\"product-small box \">\n\t\t<div class=\"box-image\">\n\t\t\t<div class=\"image-fade_in_back\">\n\t\t\t\t<a href=\"https:\/\/www.tendenzeshabbychic.it\/fr\/produit\/toile-trompe-loel-marches-du-palais-200-cm\/\">\n\t\t\t\t\t<img loading=\"lazy\" decoding=\"async\" width=\"500\" height=\"500\" src=\"https:\/\/www.tendenzeshabbychic.it\/wp-content\/uploads\/2021\/05\/Tela-Trompe-loeil-Marches-du-Palais-2-500x500.jpg\" class=\"attachment-woocommerce_thumbnail size-woocommerce_thumbnail\" alt=\"Toile Trompe-l&#039;oel Marches du Palais 200 cm\" srcset=\"https:\/\/www.tendenzeshabbychic.it\/wp-content\/uploads\/2021\/05\/Tela-Trompe-loeil-Marches-du-Palais-2-500x500.jpg 500w, https:\/\/www.tendenzeshabbychic.it\/wp-content\/uploads\/2021\/05\/Tela-Trompe-loeil-Marches-du-Palais-2-100x100.jpg 100w, https:\/\/www.tendenzeshabbychic.it\/wp-content\/uploads\/2021\/05\/Tela-Trompe-loeil-Marches-du-Palais-2-280x280.jpg 280w, https:\/\/www.tendenzeshabbychic.it\/wp-content\/uploads\/2021\/05\/Tela-Trompe-loeil-Marches-du-Palais-2-247x247.jpg 247w\" sizes=\"auto, (max-width: 500px) 100vw, 500px\" \/><img loading=\"lazy\" decoding=\"async\" width=\"500\" height=\"500\" src=\"https:\/\/www.tendenzeshabbychic.it\/wp-content\/uploads\/2021\/05\/Tela-Trompe-loeil-Marches-du-Palais-500x500.jpg\" class=\"show-on-hover absolute fill hide-for-small back-image\" alt=\"Alternative view of Toile Trompe-l&#039;oel Marches du Palais 200 cm\" aria-hidden=\"true\" srcset=\"https:\/\/www.tendenzeshabbychic.it\/wp-content\/uploads\/2021\/05\/Tela-Trompe-loeil-Marches-du-Palais-500x500.jpg 500w, https:\/\/www.tendenzeshabbychic.it\/wp-content\/uploads\/2021\/05\/Tela-Trompe-loeil-Marches-du-Palais-100x100.jpg 100w, https:\/\/www.tendenzeshabbychic.it\/wp-content\/uploads\/2021\/05\/Tela-Trompe-loeil-Marches-du-Palais-280x280.jpg 280w, https:\/\/www.tendenzeshabbychic.it\/wp-content\/uploads\/2021\/05\/Tela-Trompe-loeil-Marches-du-Palais-247x247.jpg 247w\" sizes=\"auto, (max-width: 500px) 100vw, 500px\" \/>\t\t\t\t<\/a>\n\t\t\t<\/div>\n\t\t\t<div class=\"image-tools is-small top right show-on-hover\">\n\t\t\t\t\t\t\t<\/div>\n\t\t\t<div class=\"image-tools is-small hide-for-small bottom left show-on-hover\">\n\t\t\t\t\t\t\t<\/div>\n\t\t\t<div class=\"image-tools grid-tools text-center hide-for-small bottom hover-slide-in show-on-hover\">\n\t\t\t\t\t\t\t<\/div>\n\t\t\t\t\t<\/div>\n\n\t\t<div class=\"box-text box-text-products\">\n\t\t\t<div class=\"title-wrapper\"><p class=\"name product-title woocommerce-loop-product__title\"><a href=\"https:\/\/www.tendenzeshabbychic.it\/fr\/produit\/toile-trompe-loel-marches-du-palais-200-cm\/\" class=\"woocommerce-LoopProduct-link woocommerce-loop-product__link\">Toile Trompe-l&rsquo;oel Marches du Palais 200 cm<\/a><\/p><\/div><div class=\"price-wrapper\"><div class=\"star-rating star-rating--inline\" role=\"img\" aria-label=\"Note 5 sur 5\"><span style=\"width:100%\">Note <strong class=\"rating\">5<\/strong> sur 5<\/span><\/div>\n\t<span class=\"price\"><del aria-hidden=\"true\"><span class=\"woocommerce-Price-amount amount\"><bdi>90,00&nbsp;<span class=\"woocommerce-Price-currencySymbol\" translate=\"no\">&euro;<\/span><\/bdi><\/span><\/del> <span class=\"screen-reader-text\">Le prix initial \u00e9tait\u00a0: 90,00&nbsp;&euro;.<\/span><ins aria-hidden=\"true\"><span class=\"woocommerce-Price-amount amount\"><bdi>79,00&nbsp;<span class=\"woocommerce-Price-currencySymbol\" translate=\"no\">&euro;<\/span><\/bdi><\/span><\/ins><span class=\"screen-reader-text\">Le prix actuel est\u00a0: 79,00&nbsp;&euro;.<\/span><\/span>\n<\/div>\t\t<\/div>\n\t<\/div>\n\t\t\t\t<input type=\"hidden\" class=\"pmwProductId\" data-id=\"73866\">\n\t\t\t\t\t<script>\n\t\t\t(window.pmwDataLayer = window.pmwDataLayer || {}).products                = window.pmwDataLayer.products || {};\n\t\t\twindow.pmwDataLayer.products[73866] = {\"id\":\"73866\",\"sku\":\"MDDMTTTS0011\",\"price\":79,\"brand\":\"\",\"quantity\":1,\"dyn_r_ids\":{\"post_id\":\"73866\",\"sku\":\"MDDMTTTS0011\",\"gpf\":\"woocommerce_gpf_73866\",\"gla\":\"gla_73866\"},\"is_variable\":false,\"type\":\"simple\",\"name\":\"Toile Trompe-l\\u0027oel Marches du Palais 200 cm\",\"category\":[\"Peintures et toiles\"],\"is_variation\":false};\n\t\t\t\t\twindow.pmw_product_position = window.pmw_product_position || 1;\n\t\twindow.pmwDataLayer.products[73866]['position'] = window.pmw_product_position++;\n\t\t\t\t<\/script>\n\t\t\t<\/div>\n<\/div><div class=\"product-small col has-hover product type-product post-73374 status-publish instock product_cat-peintures-et-toiles product_tag-chambre product_tag-salle-a-manger has-post-thumbnail sale taxable shipping-taxable purchasable product-type-simple\">\n\t<div class=\"col-inner\">\n\t\n<div class=\"badge-container absolute left top z-1\">\n<div class=\"callout badge badge-square\"><div class=\"badge-inner secondary on-sale\"><span class=\"onsale\">-12%<\/span><\/div><\/div>\n<div class=\"badge callout badge-square\"><div class=\"badge-inner callout-new-bg is-small new-bubble\">BEST SELLER<\/div><\/div><\/div>\n\t<div class=\"product-small box \">\n\t\t<div class=\"box-image\">\n\t\t\t<div class=\"image-fade_in_back\">\n\t\t\t\t<a href=\"https:\/\/www.tendenzeshabbychic.it\/fr\/produit\/tela-trompe-loeil-vista-mare-200-cm\/\">\n\t\t\t\t\t<img loading=\"lazy\" decoding=\"async\" width=\"500\" height=\"500\" src=\"https:\/\/www.tendenzeshabbychic.it\/wp-content\/uploads\/2021\/05\/tela-vista-mare-2-500x500.jpg\" class=\"attachment-woocommerce_thumbnail size-woocommerce_thumbnail\" alt=\"Toile Trompe l&#039;oeil vue mer 200 cm\" srcset=\"https:\/\/www.tendenzeshabbychic.it\/wp-content\/uploads\/2021\/05\/tela-vista-mare-2-500x500.jpg 500w, https:\/\/www.tendenzeshabbychic.it\/wp-content\/uploads\/2021\/05\/tela-vista-mare-2-100x100.jpg 100w, https:\/\/www.tendenzeshabbychic.it\/wp-content\/uploads\/2021\/05\/tela-vista-mare-2-280x280.jpg 280w, https:\/\/www.tendenzeshabbychic.it\/wp-content\/uploads\/2021\/05\/tela-vista-mare-2-247x247.jpg 247w\" sizes=\"auto, (max-width: 500px) 100vw, 500px\" \/><img loading=\"lazy\" decoding=\"async\" width=\"500\" height=\"500\" src=\"https:\/\/www.tendenzeshabbychic.it\/wp-content\/uploads\/2021\/05\/tela-vista-mare-3-500x500.jpg\" class=\"show-on-hover absolute fill hide-for-small back-image\" alt=\"Alternative view of Toile Trompe l&#039;oeil vue mer 200 cm\" aria-hidden=\"true\" srcset=\"https:\/\/www.tendenzeshabbychic.it\/wp-content\/uploads\/2021\/05\/tela-vista-mare-3-500x500.jpg 500w, https:\/\/www.tendenzeshabbychic.it\/wp-content\/uploads\/2021\/05\/tela-vista-mare-3-100x100.jpg 100w, https:\/\/www.tendenzeshabbychic.it\/wp-content\/uploads\/2021\/05\/tela-vista-mare-3-280x280.jpg 280w, https:\/\/www.tendenzeshabbychic.it\/wp-content\/uploads\/2021\/05\/tela-vista-mare-3-247x247.jpg 247w\" sizes=\"auto, (max-width: 500px) 100vw, 500px\" \/>\t\t\t\t<\/a>\n\t\t\t<\/div>\n\t\t\t<div class=\"image-tools is-small top right show-on-hover\">\n\t\t\t\t\t\t\t<\/div>\n\t\t\t<div class=\"image-tools is-small hide-for-small bottom left show-on-hover\">\n\t\t\t\t\t\t\t<\/div>\n\t\t\t<div class=\"image-tools grid-tools text-center hide-for-small bottom hover-slide-in show-on-hover\">\n\t\t\t\t\t\t\t<\/div>\n\t\t\t\t\t<\/div>\n\n\t\t<div class=\"box-text box-text-products\">\n\t\t\t<div class=\"title-wrapper\"><p class=\"name product-title woocommerce-loop-product__title\"><a href=\"https:\/\/www.tendenzeshabbychic.it\/fr\/produit\/tela-trompe-loeil-vista-mare-200-cm\/\" class=\"woocommerce-LoopProduct-link woocommerce-loop-product__link\">Toile Trompe l&rsquo;oeil vue mer 200 cm<\/a><\/p><\/div><div class=\"price-wrapper\"><div class=\"star-rating star-rating--inline\" role=\"img\" aria-label=\"Note 5 sur 5\"><span style=\"width:100%\">Note <strong class=\"rating\">5<\/strong> sur 5<\/span><\/div>\n\t<span class=\"price\"><del aria-hidden=\"true\"><span class=\"woocommerce-Price-amount amount\"><bdi>90,00&nbsp;<span class=\"woocommerce-Price-currencySymbol\" translate=\"no\">&euro;<\/span><\/bdi><\/span><\/del> <span class=\"screen-reader-text\">Le prix initial \u00e9tait\u00a0: 90,00&nbsp;&euro;.<\/span><ins aria-hidden=\"true\"><span class=\"woocommerce-Price-amount amount\"><bdi>79,00&nbsp;<span class=\"woocommerce-Price-currencySymbol\" translate=\"no\">&euro;<\/span><\/bdi><\/span><\/ins><span class=\"screen-reader-text\">Le prix actuel est\u00a0: 79,00&nbsp;&euro;.<\/span><\/span>\n<\/div>\t\t<\/div>\n\t<\/div>\n\t\t\t\t<input type=\"hidden\" class=\"pmwProductId\" data-id=\"73374\">\n\t\t\t\t\t<script>\n\t\t\t(window.pmwDataLayer = window.pmwDataLayer || {}).products                = window.pmwDataLayer.products || {};\n\t\t\twindow.pmwDataLayer.products[73374] = {\"id\":\"73374\",\"sku\":\"MDDMTTTS0009\",\"price\":79,\"brand\":\"\",\"quantity\":1,\"dyn_r_ids\":{\"post_id\":\"73374\",\"sku\":\"MDDMTTTS0009\",\"gpf\":\"woocommerce_gpf_73374\",\"gla\":\"gla_73374\"},\"is_variable\":false,\"type\":\"simple\",\"name\":\"Toile Trompe l\\u0027oeil vue mer 200 cm\",\"category\":[\"Peintures et toiles\"],\"is_variation\":false};\n\t\t\t\t\twindow.pmw_product_position = window.pmw_product_position || 1;\n\t\twindow.pmwDataLayer.products[73374]['position'] = window.pmw_product_position++;\n\t\t\t\t<\/script>\n\t\t\t<\/div>\n<\/div><div class=\"product-small col has-hover product type-product post-113609 status-publish instock product_cat-rideaux product_tag-chambre product_tag-lin product_tag-salle-a-manger has-post-thumbnail taxable shipping-taxable purchasable product-type-simple\">\n\t<div class=\"col-inner\">\n\t\n<div class=\"badge-container absolute left top z-1\">\n\n<\/div>\n\t<div class=\"product-small box \">\n\t\t<div class=\"box-image\">\n\t\t\t<div class=\"image-fade_in_back\">\n\t\t\t\t<a href=\"https:\/\/www.tendenzeshabbychic.it\/fr\/produit\/rideau-boudoir-mathilde-m-beige-et-ecru\/\">\n\t\t\t\t\t<img loading=\"lazy\" decoding=\"async\" width=\"500\" height=\"500\" src=\"https:\/\/www.tendenzeshabbychic.it\/wp-content\/uploads\/2021\/05\/voilage-boudoir-beige-et-ecru-500x500.jpg\" class=\"attachment-woocommerce_thumbnail size-woocommerce_thumbnail\" alt=\"Rideaux Boudoir Mathilde M. Beige et Ecru 140x300\" srcset=\"https:\/\/www.tendenzeshabbychic.it\/wp-content\/uploads\/2021\/05\/voilage-boudoir-beige-et-ecru-500x500.jpg 500w, https:\/\/www.tendenzeshabbychic.it\/wp-content\/uploads\/2021\/05\/voilage-boudoir-beige-et-ecru-100x100.jpg 100w, https:\/\/www.tendenzeshabbychic.it\/wp-content\/uploads\/2021\/05\/voilage-boudoir-beige-et-ecru-280x280.jpg 280w, https:\/\/www.tendenzeshabbychic.it\/wp-content\/uploads\/2021\/05\/voilage-boudoir-beige-et-ecru-247x247.jpg 247w\" sizes=\"auto, (max-width: 500px) 100vw, 500px\" \/><img loading=\"lazy\" decoding=\"async\" width=\"500\" height=\"500\" src=\"https:\/\/www.tendenzeshabbychic.it\/wp-content\/uploads\/2021\/05\/voilage-boudoir-beige-et-ecru-1-500x500.jpg\" class=\"show-on-hover absolute fill hide-for-small back-image\" alt=\"Alternative view of Rideaux Boudoir Mathilde M. Beige et Ecru 140x300\" aria-hidden=\"true\" srcset=\"https:\/\/www.tendenzeshabbychic.it\/wp-content\/uploads\/2021\/05\/voilage-boudoir-beige-et-ecru-1-500x500.jpg 500w, https:\/\/www.tendenzeshabbychic.it\/wp-content\/uploads\/2021\/05\/voilage-boudoir-beige-et-ecru-1-100x100.jpg 100w, https:\/\/www.tendenzeshabbychic.it\/wp-content\/uploads\/2021\/05\/voilage-boudoir-beige-et-ecru-1-280x280.jpg 280w, https:\/\/www.tendenzeshabbychic.it\/wp-content\/uploads\/2021\/05\/voilage-boudoir-beige-et-ecru-1-247x247.jpg 247w\" sizes=\"auto, (max-width: 500px) 100vw, 500px\" \/>\t\t\t\t<\/a>\n\t\t\t<\/div>\n\t\t\t<div class=\"image-tools is-small top right show-on-hover\">\n\t\t\t\t\t\t\t<\/div>\n\t\t\t<div class=\"image-tools is-small hide-for-small bottom left show-on-hover\">\n\t\t\t\t\t\t\t<\/div>\n\t\t\t<div class=\"image-tools grid-tools text-center hide-for-small bottom hover-slide-in show-on-hover\">\n\t\t\t\t\t\t\t<\/div>\n\t\t\t\t\t<\/div>\n\n\t\t<div class=\"box-text box-text-products\">\n\t\t\t<div class=\"title-wrapper\"><p class=\"name product-title woocommerce-loop-product__title\"><a href=\"https:\/\/www.tendenzeshabbychic.it\/fr\/produit\/rideau-boudoir-mathilde-m-beige-et-ecru\/\" class=\"woocommerce-LoopProduct-link woocommerce-loop-product__link\">Rideaux Boudoir Mathilde M. Beige et Ecru 140&#215;300<\/a><\/p><\/div><div class=\"price-wrapper\"><div class=\"star-rating star-rating--inline\" role=\"img\" aria-label=\"Note 5 sur 5\"><span style=\"width:100%\">Note <strong class=\"rating\">5<\/strong> sur 5<\/span><\/div>\n\t<span class=\"price\"><span class=\"woocommerce-Price-amount amount\"><bdi>169,00&nbsp;<span class=\"woocommerce-Price-currencySymbol\" translate=\"no\">&euro;<\/span><\/bdi><\/span><\/span>\n<\/div>\t\t<\/div>\n\t<\/div>\n\t\t\t\t<input type=\"hidden\" class=\"pmwProductId\" data-id=\"113609\">\n\t\t\t\t\t<script>\n\t\t\t(window.pmwDataLayer = window.pmwDataLayer || {}).products                = window.pmwDataLayer.products || {};\n\t\t\twindow.pmwDataLayer.products[113609] = {\"id\":\"113609\",\"sku\":\"MLLMRVRI0004\",\"price\":169,\"brand\":\"\",\"quantity\":1,\"dyn_r_ids\":{\"post_id\":\"113609\",\"sku\":\"MLLMRVRI0004\",\"gpf\":\"woocommerce_gpf_113609\",\"gla\":\"gla_113609\"},\"is_variable\":false,\"type\":\"simple\",\"name\":\"Rideaux Boudoir Mathilde M. Beige et Ecru 140x300\",\"category\":[\"Rideaux\"],\"is_variation\":false};\n\t\t\t\t\twindow.pmw_product_position = window.pmw_product_position || 1;\n\t\twindow.pmwDataLayer.products[113609]['position'] = window.pmw_product_position++;\n\t\t\t\t<\/script>\n\t\t\t<\/div>\n<\/div><\/div>\n\n\n\t\t<\/div>\n\t\t\t\t\t<\/div>\n\n\t\n\n<\/div>\n<div class=\"container section-title-container\" ><h3 class=\"section-title section-title-normal\"><b aria-hidden=\"true\"><\/b><span class=\"section-title-main\" >Mathilde m. Parfums<\/span><b aria-hidden=\"true\"><\/b><\/h3><\/div>\n\n<p>A volte bastano poche cose per trasformare l&rsquo;atmosfera di un luogo.<\/p>\n<p>Profumare i nostri ambienti preferiti ci permette di definire l&rsquo;identit\u00e0 olfattiva e di farci vivere una vera esperienza sensoriale.<\/p>\n<div class=\"row\"  id=\"row-746026096\">\n\n\n\t<div id=\"col-1374131740\" class=\"col small-12 large-12\"  >\n\t\t\t\t<div class=\"col-inner\"  >\n\t\t\t\n\t\t\t\n\n<h2>La pyramide olfactive : qu&rsquo;est-ce que c&rsquo;est ?<\/h2>\n<p>La classification des notes olfactives qui composent un parfum s&rsquo;appelle la <strong>pyramide olfactive<\/strong>.<br>Si vous voulez vraiment comprendre un parfum et d\u00e9couvrir ses caract\u00e9ristiques et ses nombreuses nuances, il est important de conna\u00eetre sa pyramide olfactive.<\/p>\n<p>I&nbsp;Les <strong>niveaux de la<\/strong> pyramide olfactive sont au nombre de<strong> trois<\/strong>. Nous les \u00e9num\u00e9rons ci-dessous, du plus l\u00e9ger au plus persistant :<\/p>\n<ul>\n<li><strong>Notes de t\u00eate<\/strong>: ce sont celles qui sont per\u00e7ues au moment o\u00f9 le parfum entre en contact avec la peau mais en m\u00eame temps ce sont celles qui s&rsquo;estompent quelques minutes apr\u00e8s l&rsquo;application.<\/li>\n<li><strong>Notes de c\u0153ur<\/strong>: elles sont per\u00e7ues apr\u00e8s quelques minutes et sont plus fortes que les notes de t\u00eate. Ce sont les notes qui peuvent \u00eatre per\u00e7ues m\u00eame des heures apr\u00e8s l&rsquo;application. <\/li>\n<li><strong>Notes de fond<\/strong>: ce sont celles-l\u00e0&nbsp;<strong>plus persistants<\/strong>. Selon le pH de la peau, ces notes peuvent aussi \u00eatre per\u00e7ues le lendemain. Les notes de fond repr\u00e9sentent la fragrance et sont celles qui \u00e9tablissent le caract\u00e8re du parfum.<\/li>\n<\/ul>\n<div class=\"text-center\"><div class=\"is-divider divider clearfix\" ><\/div><\/div>\n\n\n\t\t<\/div>\n\t\t\t\t\t<\/div>\n\n\t\n\n<\/div>\n<div class=\"row\"  id=\"row-911301116\">\n\n\n\t<div id=\"col-1413717680\" class=\"col medium-6 small-12 large-6\"  >\n\t\t\t\t<div class=\"col-inner\"  >\n\t\t\t\n\t\t\t\n\n\t<div id=\"gap-1863605373\" class=\"gap-element clearfix hide-for-medium\" style=\"display:block; height:auto;\">\n\t\t\n<style>\n#gap-1863605373 {\n  padding-top: 112px;\n}\n<\/style>\n\t<\/div>\n\t\n\n\n\t<a class=\"plain\" href=\"https:\/\/www.tendenzeshabbychic.it\/fr\/Etiquette-produit\/marquise-fr\/\">\t<div class=\"icon-box featured-box icon-box-center text-center\"  >\n\t\t\t\t\t<div class=\"icon-box-img\" style=\"width: 100px\">\n\t\t\t\t<div class=\"icon\">\n\t\t\t\t\t<div class=\"icon-inner\" >\n\t\t\t\t\t\t<img loading=\"lazy\" decoding=\"async\" width=\"100\" height=\"100\" src=\"https:\/\/www.tendenzeshabbychic.it\/wp-content\/uploads\/2021\/05\/Marquise.png\" class=\"attachment-medium size-medium\" alt=\"\" srcset=\"https:\/\/www.tendenzeshabbychic.it\/wp-content\/uploads\/2021\/05\/Marquise.png 100w, https:\/\/www.tendenzeshabbychic.it\/wp-content\/uploads\/2021\/05\/Marquise-64x64.png 64w\" sizes=\"auto, (max-width: 100px) 100vw, 100px\" \/>\t\t\t\t\t<\/div>\n\t\t\t\t<\/div>\n\t\t\t<\/div>\n\t\t\t\t<div class=\"icon-box-text last-reset\">\n\t\t\t<h5 class=\"uppercase\">marquise<\/h5>\t\t\t\t\t\t\n\n<p style=\"text-align: left;\">Une rencontre pr\u00e9cieuse et sensuelle de notes bois\u00e9es et \u00e9pic\u00e9es avec la douceur de la vanille et du musc blanc.<\/p>\n\n\t\t<\/div>\n\t<\/div>\n\t<\/a>\n\t\n\n\t\t<\/div>\n\t\t\t\t\t<\/div>\n\n\t\n\n\t<div id=\"col-2041166376\" class=\"col medium-6 small-12 large-6\"  >\n\t\t\t\t<div class=\"col-inner\"  >\n\t\t\t\n\t\t\t\n\n\t<div class=\"img has-hover x md-x lg-x y md-y lg-y\" id=\"image_536212175\">\n\t\t\t\t\t\t\t\t<div class=\"img-inner dark\" >\n\t\t\t<img loading=\"lazy\" decoding=\"async\" width=\"764\" height=\"800\" src=\"https:\/\/www.tendenzeshabbychic.it\/wp-content\/uploads\/2021\/05\/Marquise-descrizione-764x800.png\" class=\"attachment-large size-large\" alt=\"\" srcset=\"https:\/\/www.tendenzeshabbychic.it\/wp-content\/uploads\/2021\/05\/Marquise-descrizione-764x800.png 764w, https:\/\/www.tendenzeshabbychic.it\/wp-content\/uploads\/2021\/05\/Marquise-descrizione-64x67.png 64w, https:\/\/www.tendenzeshabbychic.it\/wp-content\/uploads\/2021\/05\/Marquise-descrizione-500x523.png 500w, https:\/\/www.tendenzeshabbychic.it\/wp-content\/uploads\/2021\/05\/Marquise-descrizione-382x400.png 382w, https:\/\/www.tendenzeshabbychic.it\/wp-content\/uploads\/2021\/05\/Marquise-descrizione-768x804.png 768w, https:\/\/www.tendenzeshabbychic.it\/wp-content\/uploads\/2021\/05\/Marquise-descrizione-510x534.png 510w, https:\/\/www.tendenzeshabbychic.it\/wp-content\/uploads\/2021\/05\/Marquise-descrizione.png 894w\" sizes=\"auto, (max-width: 764px) 100vw, 764px\" \/>\t\t\t\t\t\t\n\t\t\t\t\t<\/div>\n\t\t\t\t\t\t\t\t\n<style>\n#image_536212175 {\n  width: 100%;\n}\n<\/style>\n\t<\/div>\n\t\n\n\n\t\t<\/div>\n\t\t\t\t\t<\/div>\n\n\t\n\n\t<div id=\"col-843874949\" class=\"col small-12 large-12\"  >\n\t\t\t\t<div class=\"col-inner\"  >\n\t\t\t\n\t\t\t\n\n\t\n  \n    <div class=\"row large-columns-4 medium-columns-3 small-columns-2 row-small has-shadow row-box-shadow-1 slider row-slider slider-nav-reveal slider-nav-push\"  data-flickity-options='{&quot;imagesLoaded&quot;: true, &quot;groupCells&quot;: &quot;100%&quot;, &quot;dragThreshold&quot; : 5, &quot;cellAlign&quot;: &quot;left&quot;,&quot;wrapAround&quot;: true,&quot;prevNextButtons&quot;: true,&quot;percentPosition&quot;: true,&quot;pageDots&quot;: false, &quot;rightToLeft&quot;: false, &quot;autoPlay&quot; : false}' >\n\n  \n\t     <div class=\"product-small col has-hover product type-product post-248361 status-publish last instock product_cat-bougies-parfumees product_cat-parfumeurs product_tag-idee-de-cadeau product_tag-marquise-fr has-post-thumbnail taxable shipping-taxable purchasable product-type-simple\">\n\t<div class=\"col-inner\">\n\t\n<div class=\"badge-container absolute left top z-1\">\n\n<\/div>\n\t<div class=\"product-small box \">\n\t\t<div class=\"box-image\">\n\t\t\t<div class=\"image-fade_in_back\">\n\t\t\t\t<a href=\"https:\/\/www.tendenzeshabbychic.it\/fr\/produit\/mathilde-m-marquise-coffret-4-coeurs-parfumes-copia\/\">\n\t\t\t\t\t<img loading=\"lazy\" decoding=\"async\" width=\"500\" height=\"500\" src=\"https:\/\/www.tendenzeshabbychic.it\/wp-content\/uploads\/2026\/07\/Mathilde-M.-Cofanetto-4-Fiori-Profumati-Marquise-500x500.webp\" class=\"attachment-woocommerce_thumbnail size-woocommerce_thumbnail\" alt=\"Mathilde M. Coffret \u00ab 4 Fleurs parfum\u00e9es \u00bb Marquise\" srcset=\"https:\/\/www.tendenzeshabbychic.it\/wp-content\/uploads\/2026\/07\/Mathilde-M.-Cofanetto-4-Fiori-Profumati-Marquise-500x500.webp 500w, https:\/\/www.tendenzeshabbychic.it\/wp-content\/uploads\/2026\/07\/Mathilde-M.-Cofanetto-4-Fiori-Profumati-Marquise-400x400.webp 400w, https:\/\/www.tendenzeshabbychic.it\/wp-content\/uploads\/2026\/07\/Mathilde-M.-Cofanetto-4-Fiori-Profumati-Marquise-800x800.webp 800w, https:\/\/www.tendenzeshabbychic.it\/wp-content\/uploads\/2026\/07\/Mathilde-M.-Cofanetto-4-Fiori-Profumati-Marquise-280x280.webp 280w, https:\/\/www.tendenzeshabbychic.it\/wp-content\/uploads\/2026\/07\/Mathilde-M.-Cofanetto-4-Fiori-Profumati-Marquise-768x768.webp 768w, https:\/\/www.tendenzeshabbychic.it\/wp-content\/uploads\/2026\/07\/Mathilde-M.-Cofanetto-4-Fiori-Profumati-Marquise-100x100.webp 100w, https:\/\/www.tendenzeshabbychic.it\/wp-content\/uploads\/2026\/07\/Mathilde-M.-Cofanetto-4-Fiori-Profumati-Marquise-64x64.webp 64w, https:\/\/www.tendenzeshabbychic.it\/wp-content\/uploads\/2026\/07\/Mathilde-M.-Cofanetto-4-Fiori-Profumati-Marquise.webp 1000w\" sizes=\"auto, (max-width: 500px) 100vw, 500px\" \/><img loading=\"lazy\" decoding=\"async\" width=\"500\" height=\"500\" src=\"https:\/\/www.tendenzeshabbychic.it\/wp-content\/uploads\/2026\/07\/coffret-di-4-decori-fondenti-in-cera-profumata-marquise-1-500x500.webp\" class=\"show-on-hover absolute fill hide-for-small back-image\" alt=\"Alternative view of Mathilde M. Coffret \u00ab 4 Fleurs parfum\u00e9es \u00bb Marquise\" aria-hidden=\"true\" srcset=\"https:\/\/www.tendenzeshabbychic.it\/wp-content\/uploads\/2026\/07\/coffret-di-4-decori-fondenti-in-cera-profumata-marquise-1-500x500.webp 500w, https:\/\/www.tendenzeshabbychic.it\/wp-content\/uploads\/2026\/07\/coffret-di-4-decori-fondenti-in-cera-profumata-marquise-1-400x400.webp 400w, https:\/\/www.tendenzeshabbychic.it\/wp-content\/uploads\/2026\/07\/coffret-di-4-decori-fondenti-in-cera-profumata-marquise-1-800x800.webp 800w, https:\/\/www.tendenzeshabbychic.it\/wp-content\/uploads\/2026\/07\/coffret-di-4-decori-fondenti-in-cera-profumata-marquise-1-280x280.webp 280w, https:\/\/www.tendenzeshabbychic.it\/wp-content\/uploads\/2026\/07\/coffret-di-4-decori-fondenti-in-cera-profumata-marquise-1-768x768.webp 768w, https:\/\/www.tendenzeshabbychic.it\/wp-content\/uploads\/2026\/07\/coffret-di-4-decori-fondenti-in-cera-profumata-marquise-1-100x100.webp 100w, https:\/\/www.tendenzeshabbychic.it\/wp-content\/uploads\/2026\/07\/coffret-di-4-decori-fondenti-in-cera-profumata-marquise-1-64x64.webp 64w, https:\/\/www.tendenzeshabbychic.it\/wp-content\/uploads\/2026\/07\/coffret-di-4-decori-fondenti-in-cera-profumata-marquise-1.webp 1000w\" sizes=\"auto, (max-width: 500px) 100vw, 500px\" \/>\t\t\t\t<\/a>\n\t\t\t<\/div>\n\t\t\t<div class=\"image-tools is-small top right show-on-hover\">\n\t\t\t\t\t\t\t<\/div>\n\t\t\t<div class=\"image-tools is-small hide-for-small bottom left show-on-hover\">\n\t\t\t\t\t\t\t<\/div>\n\t\t\t<div class=\"image-tools grid-tools text-center hide-for-small bottom hover-slide-in show-on-hover\">\n\t\t\t\t\t\t\t<\/div>\n\t\t\t\t\t<\/div>\n\n\t\t<div class=\"box-text box-text-products\">\n\t\t\t<div class=\"title-wrapper\"><p class=\"name product-title woocommerce-loop-product__title\"><a href=\"https:\/\/www.tendenzeshabbychic.it\/fr\/produit\/mathilde-m-marquise-coffret-4-coeurs-parfumes-copia\/\" class=\"woocommerce-LoopProduct-link woocommerce-loop-product__link\">Mathilde M. Coffret \u00ab 4 Fleurs parfum\u00e9es \u00bb Marquise<\/a><\/p><\/div><div class=\"price-wrapper\">\n\t<span class=\"price\"><span class=\"woocommerce-Price-amount amount\"><bdi>7,90&nbsp;<span class=\"woocommerce-Price-currencySymbol\" translate=\"no\">&euro;<\/span><\/bdi><\/span><\/span>\n<\/div>\t\t<\/div>\n\t<\/div>\n\t\t\t\t<input type=\"hidden\" class=\"pmwProductId\" data-id=\"248361\">\n\t\t\t\t\t<script>\n\t\t\t(window.pmwDataLayer = window.pmwDataLayer || {}).products                = window.pmwDataLayer.products || {};\n\t\t\twindow.pmwDataLayer.products[248361] = {\"id\":\"248361\",\"sku\":\"B4DF4MA\",\"price\":7.9,\"brand\":\"\",\"quantity\":1,\"dyn_r_ids\":{\"post_id\":\"248361\",\"sku\":\"B4DF4MA\",\"gpf\":\"woocommerce_gpf_248361\",\"gla\":\"gla_248361\"},\"is_variable\":false,\"type\":\"simple\",\"name\":\"Mathilde M. Coffret \u00ab 4 Fleurs parfum\u00e9es \u00bb Marquise\",\"category\":[\"Bougies parfum\u00e9es\",\"Parfumeurs\"],\"is_variation\":false};\n\t\t\t\t\twindow.pmw_product_position = window.pmw_product_position || 1;\n\t\twindow.pmwDataLayer.products[248361]['position'] = window.pmw_product_position++;\n\t\t\t\t<\/script>\n\t\t\t<\/div>\n<\/div><div class=\"product-small col has-hover product type-product post-251737 status-publish first instock product_cat-essences-concentrees product_cat-parfumeurs product_tag-marquise-fr has-post-thumbnail taxable shipping-taxable purchasable product-type-simple\">\n\t<div class=\"col-inner\">\n\t\n<div class=\"badge-container absolute left top z-1\">\n\n<\/div>\n\t<div class=\"product-small box \">\n\t\t<div class=\"box-image\">\n\t\t\t<div class=\"image-fade_in_back\">\n\t\t\t\t<a href=\"https:\/\/www.tendenzeshabbychic.it\/fr\/produit\/superconcentre-de-parfum-marquise-mathilde-m-10-ml\/\">\n\t\t\t\t\t<img loading=\"lazy\" decoding=\"async\" width=\"500\" height=\"500\" src=\"https:\/\/www.tendenzeshabbychic.it\/wp-content\/uploads\/2021\/07\/superconcentrato-marquise-500x500.jpg\" class=\"attachment-woocommerce_thumbnail size-woocommerce_thumbnail\" alt=\"Superconcentr\u00e9 de parfum Marquise Mathilde M \u2013 10 ml\" srcset=\"https:\/\/www.tendenzeshabbychic.it\/wp-content\/uploads\/2021\/07\/superconcentrato-marquise-500x500.jpg 500w, https:\/\/www.tendenzeshabbychic.it\/wp-content\/uploads\/2021\/07\/superconcentrato-marquise-100x100.jpg 100w, https:\/\/www.tendenzeshabbychic.it\/wp-content\/uploads\/2021\/07\/superconcentrato-marquise-64x64.jpg 64w, https:\/\/www.tendenzeshabbychic.it\/wp-content\/uploads\/2021\/07\/superconcentrato-marquise-400x400.jpg 400w, https:\/\/www.tendenzeshabbychic.it\/wp-content\/uploads\/2021\/07\/superconcentrato-marquise-800x800.jpg 800w, https:\/\/www.tendenzeshabbychic.it\/wp-content\/uploads\/2021\/07\/superconcentrato-marquise-280x280.jpg 280w, https:\/\/www.tendenzeshabbychic.it\/wp-content\/uploads\/2021\/07\/superconcentrato-marquise-768x768.jpg 768w, https:\/\/www.tendenzeshabbychic.it\/wp-content\/uploads\/2021\/07\/superconcentrato-marquise.jpg 1000w\" sizes=\"auto, (max-width: 500px) 100vw, 500px\" \/><img loading=\"lazy\" decoding=\"async\" width=\"500\" height=\"500\" src=\"https:\/\/www.tendenzeshabbychic.it\/wp-content\/uploads\/2026\/07\/superconcentrato-di-profumo-ambiente-10-ml-rose-elixir-1-500x500.webp\" class=\"show-on-hover absolute fill hide-for-small back-image\" alt=\"Alternative view of Superconcentr\u00e9 de parfum Marquise Mathilde M \u2013 10 ml\" aria-hidden=\"true\" srcset=\"https:\/\/www.tendenzeshabbychic.it\/wp-content\/uploads\/2026\/07\/superconcentrato-di-profumo-ambiente-10-ml-rose-elixir-1-500x500.webp 500w, https:\/\/www.tendenzeshabbychic.it\/wp-content\/uploads\/2026\/07\/superconcentrato-di-profumo-ambiente-10-ml-rose-elixir-1-400x400.webp 400w, https:\/\/www.tendenzeshabbychic.it\/wp-content\/uploads\/2026\/07\/superconcentrato-di-profumo-ambiente-10-ml-rose-elixir-1-800x800.webp 800w, https:\/\/www.tendenzeshabbychic.it\/wp-content\/uploads\/2026\/07\/superconcentrato-di-profumo-ambiente-10-ml-rose-elixir-1-280x280.webp 280w, https:\/\/www.tendenzeshabbychic.it\/wp-content\/uploads\/2026\/07\/superconcentrato-di-profumo-ambiente-10-ml-rose-elixir-1-768x768.webp 768w, https:\/\/www.tendenzeshabbychic.it\/wp-content\/uploads\/2026\/07\/superconcentrato-di-profumo-ambiente-10-ml-rose-elixir-1-100x100.webp 100w, https:\/\/www.tendenzeshabbychic.it\/wp-content\/uploads\/2026\/07\/superconcentrato-di-profumo-ambiente-10-ml-rose-elixir-1-64x64.webp 64w, https:\/\/www.tendenzeshabbychic.it\/wp-content\/uploads\/2026\/07\/superconcentrato-di-profumo-ambiente-10-ml-rose-elixir-1.webp 1000w\" sizes=\"auto, (max-width: 500px) 100vw, 500px\" \/>\t\t\t\t<\/a>\n\t\t\t<\/div>\n\t\t\t<div class=\"image-tools is-small top right show-on-hover\">\n\t\t\t\t\t\t\t<\/div>\n\t\t\t<div class=\"image-tools is-small hide-for-small bottom left show-on-hover\">\n\t\t\t\t\t\t\t<\/div>\n\t\t\t<div class=\"image-tools grid-tools text-center hide-for-small bottom hover-slide-in show-on-hover\">\n\t\t\t\t\t\t\t<\/div>\n\t\t\t\t\t<\/div>\n\n\t\t<div class=\"box-text box-text-products\">\n\t\t\t<div class=\"title-wrapper\"><p class=\"name product-title woocommerce-loop-product__title\"><a href=\"https:\/\/www.tendenzeshabbychic.it\/fr\/produit\/superconcentre-de-parfum-marquise-mathilde-m-10-ml\/\" class=\"woocommerce-LoopProduct-link woocommerce-loop-product__link\">Superconcentr\u00e9 de parfum Marquise Mathilde M \u2013 10 ml<\/a><\/p><\/div><div class=\"price-wrapper\">\n\t<span class=\"price\"><span class=\"woocommerce-Price-amount amount\"><bdi>9,90&nbsp;<span class=\"woocommerce-Price-currencySymbol\" translate=\"no\">&euro;<\/span><\/bdi><\/span><\/span>\n<\/div>\t\t<\/div>\n\t<\/div>\n\t\t\t\t<input type=\"hidden\" class=\"pmwProductId\" data-id=\"251737\">\n\t\t\t\t\t<script>\n\t\t\t(window.pmwDataLayer = window.pmwDataLayer || {}).products                = window.pmwDataLayer.products || {};\n\t\t\twindow.pmwDataLayer.products[251737] = {\"id\":\"251737\",\"sku\":\"STI2NMA\",\"price\":9.9,\"brand\":\"\",\"quantity\":1,\"dyn_r_ids\":{\"post_id\":\"251737\",\"sku\":\"STI2NMA\",\"gpf\":\"woocommerce_gpf_251737\",\"gla\":\"gla_251737\"},\"is_variable\":false,\"type\":\"simple\",\"name\":\"Superconcentr\u00e9 de parfum Marquise Mathilde M \u2013 10 ml\",\"category\":[\"Essences concentr\u00e9es\",\"Parfumeurs\"],\"is_variation\":false};\n\t\t\t\t\twindow.pmw_product_position = window.pmw_product_position || 1;\n\t\twindow.pmwDataLayer.products[251737]['position'] = window.pmw_product_position++;\n\t\t\t\t<\/script>\n\t\t\t<\/div>\n<\/div><div class=\"product-small col has-hover product type-product post-73361 status-publish instock product_cat-parfums-pour-tissus product_tag-marquise-fr has-post-thumbnail taxable shipping-taxable purchasable product-type-simple\">\n\t<div class=\"col-inner\">\n\t\n<div class=\"badge-container absolute left top z-1\">\n\n<\/div>\n\t<div class=\"product-small box \">\n\t\t<div class=\"box-image\">\n\t\t\t<div class=\"image-fade_in_back\">\n\t\t\t\t<a href=\"https:\/\/www.tendenzeshabbychic.it\/fr\/produit\/parfumeur-pour-tissus-mathilde-m-marquise\/\">\n\t\t\t\t\t<img loading=\"lazy\" decoding=\"async\" width=\"500\" height=\"500\" src=\"https:\/\/www.tendenzeshabbychic.it\/wp-content\/uploads\/2021\/05\/Profumo-per-Tessuti-Mathilde-M.-\u2013-Marquise-75-ml-500x500.jpg\" class=\"attachment-woocommerce_thumbnail size-woocommerce_thumbnail\" alt=\"Parfum de Tissu Mathilde M. - Marquise 75 ml\" srcset=\"https:\/\/www.tendenzeshabbychic.it\/wp-content\/uploads\/2021\/05\/Profumo-per-Tessuti-Mathilde-M.-\u2013-Marquise-75-ml-500x500.jpg 500w, https:\/\/www.tendenzeshabbychic.it\/wp-content\/uploads\/2021\/05\/Profumo-per-Tessuti-Mathilde-M.-\u2013-Marquise-75-ml-100x100.jpg 100w, https:\/\/www.tendenzeshabbychic.it\/wp-content\/uploads\/2021\/05\/Profumo-per-Tessuti-Mathilde-M.-\u2013-Marquise-75-ml-64x64.jpg 64w, https:\/\/www.tendenzeshabbychic.it\/wp-content\/uploads\/2021\/05\/Profumo-per-Tessuti-Mathilde-M.-\u2013-Marquise-75-ml-400x400.jpg 400w, https:\/\/www.tendenzeshabbychic.it\/wp-content\/uploads\/2021\/05\/Profumo-per-Tessuti-Mathilde-M.-\u2013-Marquise-75-ml-800x800.jpg 800w, https:\/\/www.tendenzeshabbychic.it\/wp-content\/uploads\/2021\/05\/Profumo-per-Tessuti-Mathilde-M.-\u2013-Marquise-75-ml-280x280.jpg 280w, https:\/\/www.tendenzeshabbychic.it\/wp-content\/uploads\/2021\/05\/Profumo-per-Tessuti-Mathilde-M.-\u2013-Marquise-75-ml-768x768.jpg 768w, https:\/\/www.tendenzeshabbychic.it\/wp-content\/uploads\/2021\/05\/Profumo-per-Tessuti-Mathilde-M.-\u2013-Marquise-75-ml.jpg 1000w\" sizes=\"auto, (max-width: 500px) 100vw, 500px\" \/>\t\t\t\t<\/a>\n\t\t\t<\/div>\n\t\t\t<div class=\"image-tools is-small top right show-on-hover\">\n\t\t\t\t\t\t\t<\/div>\n\t\t\t<div class=\"image-tools is-small hide-for-small bottom left show-on-hover\">\n\t\t\t\t\t\t\t<\/div>\n\t\t\t<div class=\"image-tools grid-tools text-center hide-for-small bottom hover-slide-in show-on-hover\">\n\t\t\t\t\t\t\t<\/div>\n\t\t\t\t\t<\/div>\n\n\t\t<div class=\"box-text box-text-products\">\n\t\t\t<div class=\"title-wrapper\"><p class=\"name product-title woocommerce-loop-product__title\"><a href=\"https:\/\/www.tendenzeshabbychic.it\/fr\/produit\/parfumeur-pour-tissus-mathilde-m-marquise\/\" class=\"woocommerce-LoopProduct-link woocommerce-loop-product__link\">Parfum de Tissu Mathilde M. &#8211; Marquise 75 ml<\/a><\/p><\/div><div class=\"price-wrapper\"><div class=\"star-rating star-rating--inline\" role=\"img\" aria-label=\"Note 4.75 sur 5\"><span style=\"width:95%\">Note <strong class=\"rating\">4.75<\/strong> sur 5<\/span><\/div>\n\t<span class=\"price\"><span class=\"woocommerce-Price-amount amount\"><bdi>14,90&nbsp;<span class=\"woocommerce-Price-currencySymbol\" translate=\"no\">&euro;<\/span><\/bdi><\/span><\/span>\n<\/div>\t\t<\/div>\n\t<\/div>\n\t\t\t\t<input type=\"hidden\" class=\"pmwProductId\" data-id=\"73361\">\n\t\t\t\t\t<script>\n\t\t\t(window.pmwDataLayer = window.pmwDataLayer || {}).products                = window.pmwDataLayer.products || {};\n\t\t\twindow.pmwDataLayer.products[73361] = {\"id\":\"73361\",\"sku\":\"PDL2MA\",\"price\":14.9,\"brand\":\"\",\"quantity\":1,\"dyn_r_ids\":{\"post_id\":\"73361\",\"sku\":\"PDL2MA\",\"gpf\":\"woocommerce_gpf_73361\",\"gla\":\"gla_73361\"},\"is_variable\":false,\"type\":\"simple\",\"name\":\"Parfum de Tissu Mathilde M. - Marquise 75 ml\",\"category\":[\"Parfums pour tissus\"],\"is_variation\":false};\n\t\t\t\t\twindow.pmw_product_position = window.pmw_product_position || 1;\n\t\twindow.pmwDataLayer.products[73361]['position'] = window.pmw_product_position++;\n\t\t\t\t<\/script>\n\t\t\t<\/div>\n<\/div><div class=\"product-small col has-hover product type-product post-126441 status-publish instock product_cat-gamme-pour-le-corps product_cat-parfumeurs product_tag-idee-de-cadeau product_tag-marquise-fr has-post-thumbnail taxable shipping-taxable purchasable product-type-simple\">\n\t<div class=\"col-inner\">\n\t\n<div class=\"badge-container absolute left top z-1\">\n\n<\/div>\n\t<div class=\"product-small box \">\n\t\t<div class=\"box-image\">\n\t\t\t<div class=\"image-fade_in_back\">\n\t\t\t\t<a href=\"https:\/\/www.tendenzeshabbychic.it\/fr\/produit\/mathilde-m-nebbia-eau-parfumee-corps-et-cheveux-marquise-75-ml\/\">\n\t\t\t\t\t<img loading=\"lazy\" decoding=\"async\" width=\"500\" height=\"500\" src=\"https:\/\/www.tendenzeshabbychic.it\/wp-content\/uploads\/2022\/12\/Acqua-profumata-per-capelli-e-corpo-Marquise-500x500.jpg\" class=\"attachment-woocommerce_thumbnail size-woocommerce_thumbnail\" alt=\"Mathilde M. Nebbia Eau parfum\u00e9e corps et cheveux Marquise 75 ml\" srcset=\"https:\/\/www.tendenzeshabbychic.it\/wp-content\/uploads\/2022\/12\/Acqua-profumata-per-capelli-e-corpo-Marquise-500x500.jpg 500w, https:\/\/www.tendenzeshabbychic.it\/wp-content\/uploads\/2022\/12\/Acqua-profumata-per-capelli-e-corpo-Marquise-100x100.jpg 100w, https:\/\/www.tendenzeshabbychic.it\/wp-content\/uploads\/2022\/12\/Acqua-profumata-per-capelli-e-corpo-Marquise-64x64.jpg 64w, https:\/\/www.tendenzeshabbychic.it\/wp-content\/uploads\/2022\/12\/Acqua-profumata-per-capelli-e-corpo-Marquise-400x400.jpg 400w, https:\/\/www.tendenzeshabbychic.it\/wp-content\/uploads\/2022\/12\/Acqua-profumata-per-capelli-e-corpo-Marquise-800x800.jpg 800w, https:\/\/www.tendenzeshabbychic.it\/wp-content\/uploads\/2022\/12\/Acqua-profumata-per-capelli-e-corpo-Marquise-280x280.jpg 280w, https:\/\/www.tendenzeshabbychic.it\/wp-content\/uploads\/2022\/12\/Acqua-profumata-per-capelli-e-corpo-Marquise-768x768.jpg 768w, https:\/\/www.tendenzeshabbychic.it\/wp-content\/uploads\/2022\/12\/Acqua-profumata-per-capelli-e-corpo-Marquise.jpg 1000w\" sizes=\"auto, (max-width: 500px) 100vw, 500px\" \/><img loading=\"lazy\" decoding=\"async\" width=\"500\" height=\"500\" src=\"https:\/\/www.tendenzeshabbychic.it\/wp-content\/uploads\/2024\/01\/cosmetica-marquise-500x500.jpg\" class=\"show-on-hover absolute fill hide-for-small back-image\" alt=\"Alternative view of Mathilde M. Nebbia Eau parfum\u00e9e corps et cheveux Marquise 75 ml\" aria-hidden=\"true\" srcset=\"https:\/\/www.tendenzeshabbychic.it\/wp-content\/uploads\/2024\/01\/cosmetica-marquise-500x500.jpg 500w, https:\/\/www.tendenzeshabbychic.it\/wp-content\/uploads\/2024\/01\/cosmetica-marquise-100x100.jpg 100w, https:\/\/www.tendenzeshabbychic.it\/wp-content\/uploads\/2024\/01\/cosmetica-marquise-64x64.jpg 64w, https:\/\/www.tendenzeshabbychic.it\/wp-content\/uploads\/2024\/01\/cosmetica-marquise-400x400.jpg 400w, https:\/\/www.tendenzeshabbychic.it\/wp-content\/uploads\/2024\/01\/cosmetica-marquise-800x800.jpg 800w, https:\/\/www.tendenzeshabbychic.it\/wp-content\/uploads\/2024\/01\/cosmetica-marquise-280x280.jpg 280w, https:\/\/www.tendenzeshabbychic.it\/wp-content\/uploads\/2024\/01\/cosmetica-marquise-768x768.jpg 768w, https:\/\/www.tendenzeshabbychic.it\/wp-content\/uploads\/2024\/01\/cosmetica-marquise.jpg 1000w\" sizes=\"auto, (max-width: 500px) 100vw, 500px\" \/>\t\t\t\t<\/a>\n\t\t\t<\/div>\n\t\t\t<div class=\"image-tools is-small top right show-on-hover\">\n\t\t\t\t\t\t\t<\/div>\n\t\t\t<div class=\"image-tools is-small hide-for-small bottom left show-on-hover\">\n\t\t\t\t\t\t\t<\/div>\n\t\t\t<div class=\"image-tools grid-tools text-center hide-for-small bottom hover-slide-in show-on-hover\">\n\t\t\t\t\t\t\t<\/div>\n\t\t\t\t\t<\/div>\n\n\t\t<div class=\"box-text box-text-products\">\n\t\t\t<div class=\"title-wrapper\"><p class=\"name product-title woocommerce-loop-product__title\"><a href=\"https:\/\/www.tendenzeshabbychic.it\/fr\/produit\/mathilde-m-nebbia-eau-parfumee-corps-et-cheveux-marquise-75-ml\/\" class=\"woocommerce-LoopProduct-link woocommerce-loop-product__link\">Mathilde M. Nebbia Eau parfum\u00e9e corps et cheveux Marquise 75 ml<\/a><\/p><\/div><div class=\"price-wrapper\">\n\t<span class=\"price\"><span class=\"woocommerce-Price-amount amount\"><bdi>19,90&nbsp;<span class=\"woocommerce-Price-currencySymbol\" translate=\"no\">&euro;<\/span><\/bdi><\/span><\/span>\n<\/div>\t\t<\/div>\n\t<\/div>\n\t\t\t\t<input type=\"hidden\" class=\"pmwProductId\" data-id=\"126441\">\n\t\t\t\t\t<script>\n\t\t\t(window.pmwDataLayer = window.pmwDataLayer || {}).products                = window.pmwDataLayer.products || {};\n\t\t\twindow.pmwDataLayer.products[126441] = {\"id\":\"126441\",\"sku\":\"BRUCMA\",\"price\":19.9,\"brand\":\"\",\"quantity\":1,\"dyn_r_ids\":{\"post_id\":\"126441\",\"sku\":\"BRUCMA\",\"gpf\":\"woocommerce_gpf_126441\",\"gla\":\"gla_126441\"},\"is_variable\":false,\"type\":\"simple\",\"name\":\"Mathilde M. Nebbia Eau parfum\u00e9e corps et cheveux Marquise 75 ml\",\"category\":[\"Gamme pour le Corps\",\"Parfumeurs\"],\"is_variation\":false};\n\t\t\t\t\twindow.pmw_product_position = window.pmw_product_position || 1;\n\t\twindow.pmwDataLayer.products[126441]['position'] = window.pmw_product_position++;\n\t\t\t\t<\/script>\n\t\t\t<\/div>\n<\/div><div class=\"product-small col has-hover product type-product post-72179 status-publish last instock product_cat-eau-de-toilette-fr product_cat-gamme-pour-le-corps product_cat-parfumeurs product_tag-idee-de-cadeau product_tag-marquise-fr has-post-thumbnail taxable shipping-taxable purchasable product-type-simple\">\n\t<div class=\"col-inner\">\n\t\n<div class=\"badge-container absolute left top z-1\">\n\n<\/div>\n\t<div class=\"product-small box \">\n\t\t<div class=\"box-image\">\n\t\t\t<div class=\"image-fade_in_back\">\n\t\t\t\t<a href=\"https:\/\/www.tendenzeshabbychic.it\/fr\/produit\/eau-de-toilette-30-ml-mathilde-m-marquise\/\">\n\t\t\t\t\t<img loading=\"lazy\" decoding=\"async\" width=\"500\" height=\"500\" src=\"https:\/\/www.tendenzeshabbychic.it\/wp-content\/uploads\/2022\/12\/Mathilde-M.-Eau-de-toilette-Marquise-30-ml-500x500.jpg\" class=\"attachment-woocommerce_thumbnail size-woocommerce_thumbnail\" alt=\"Mathilde M. Eau de toilette Marquise 30 ml\" srcset=\"https:\/\/www.tendenzeshabbychic.it\/wp-content\/uploads\/2022\/12\/Mathilde-M.-Eau-de-toilette-Marquise-30-ml-500x500.jpg 500w, https:\/\/www.tendenzeshabbychic.it\/wp-content\/uploads\/2022\/12\/Mathilde-M.-Eau-de-toilette-Marquise-30-ml-100x100.jpg 100w, https:\/\/www.tendenzeshabbychic.it\/wp-content\/uploads\/2022\/12\/Mathilde-M.-Eau-de-toilette-Marquise-30-ml-64x64.jpg 64w, https:\/\/www.tendenzeshabbychic.it\/wp-content\/uploads\/2022\/12\/Mathilde-M.-Eau-de-toilette-Marquise-30-ml-400x400.jpg 400w, https:\/\/www.tendenzeshabbychic.it\/wp-content\/uploads\/2022\/12\/Mathilde-M.-Eau-de-toilette-Marquise-30-ml-800x800.jpg 800w, https:\/\/www.tendenzeshabbychic.it\/wp-content\/uploads\/2022\/12\/Mathilde-M.-Eau-de-toilette-Marquise-30-ml-280x280.jpg 280w, https:\/\/www.tendenzeshabbychic.it\/wp-content\/uploads\/2022\/12\/Mathilde-M.-Eau-de-toilette-Marquise-30-ml-768x768.jpg 768w, https:\/\/www.tendenzeshabbychic.it\/wp-content\/uploads\/2022\/12\/Mathilde-M.-Eau-de-toilette-Marquise-30-ml.jpg 1000w\" sizes=\"auto, (max-width: 500px) 100vw, 500px\" \/><img loading=\"lazy\" decoding=\"async\" width=\"500\" height=\"500\" src=\"https:\/\/www.tendenzeshabbychic.it\/wp-content\/uploads\/2022\/12\/Mathilde-M.-Eau-de-toilette-Marquise-30-ml-2-500x500.jpg\" class=\"show-on-hover absolute fill hide-for-small back-image\" alt=\"Alternative view of Mathilde M. Eau de toilette Marquise 30 ml\" aria-hidden=\"true\" srcset=\"https:\/\/www.tendenzeshabbychic.it\/wp-content\/uploads\/2022\/12\/Mathilde-M.-Eau-de-toilette-Marquise-30-ml-2-500x500.jpg 500w, https:\/\/www.tendenzeshabbychic.it\/wp-content\/uploads\/2022\/12\/Mathilde-M.-Eau-de-toilette-Marquise-30-ml-2-100x100.jpg 100w, https:\/\/www.tendenzeshabbychic.it\/wp-content\/uploads\/2022\/12\/Mathilde-M.-Eau-de-toilette-Marquise-30-ml-2-64x64.jpg 64w, https:\/\/www.tendenzeshabbychic.it\/wp-content\/uploads\/2022\/12\/Mathilde-M.-Eau-de-toilette-Marquise-30-ml-2-400x400.jpg 400w, https:\/\/www.tendenzeshabbychic.it\/wp-content\/uploads\/2022\/12\/Mathilde-M.-Eau-de-toilette-Marquise-30-ml-2-800x800.jpg 800w, https:\/\/www.tendenzeshabbychic.it\/wp-content\/uploads\/2022\/12\/Mathilde-M.-Eau-de-toilette-Marquise-30-ml-2-280x280.jpg 280w, https:\/\/www.tendenzeshabbychic.it\/wp-content\/uploads\/2022\/12\/Mathilde-M.-Eau-de-toilette-Marquise-30-ml-2-768x768.jpg 768w, https:\/\/www.tendenzeshabbychic.it\/wp-content\/uploads\/2022\/12\/Mathilde-M.-Eau-de-toilette-Marquise-30-ml-2.jpg 1000w\" sizes=\"auto, (max-width: 500px) 100vw, 500px\" \/>\t\t\t\t<\/a>\n\t\t\t<\/div>\n\t\t\t<div class=\"image-tools is-small top right show-on-hover\">\n\t\t\t\t\t\t\t<\/div>\n\t\t\t<div class=\"image-tools is-small hide-for-small bottom left show-on-hover\">\n\t\t\t\t\t\t\t<\/div>\n\t\t\t<div class=\"image-tools grid-tools text-center hide-for-small bottom hover-slide-in show-on-hover\">\n\t\t\t\t\t\t\t<\/div>\n\t\t\t\t\t<\/div>\n\n\t\t<div class=\"box-text box-text-products\">\n\t\t\t<div class=\"title-wrapper\"><p class=\"name product-title woocommerce-loop-product__title\"><a href=\"https:\/\/www.tendenzeshabbychic.it\/fr\/produit\/eau-de-toilette-30-ml-mathilde-m-marquise\/\" class=\"woocommerce-LoopProduct-link woocommerce-loop-product__link\">Mathilde M. Eau de toilette Marquise 30 ml<\/a><\/p><\/div><div class=\"price-wrapper\">\n\t<span class=\"price\"><span class=\"woocommerce-Price-amount amount\"><bdi>19,90&nbsp;<span class=\"woocommerce-Price-currencySymbol\" translate=\"no\">&euro;<\/span><\/bdi><\/span><\/span>\n<\/div>\t\t<\/div>\n\t<\/div>\n\t\t\t\t<input type=\"hidden\" class=\"pmwProductId\" data-id=\"72179\">\n\t\t\t\t\t<script>\n\t\t\t(window.pmwDataLayer = window.pmwDataLayer || {}).products                = window.pmwDataLayer.products || {};\n\t\t\twindow.pmwDataLayer.products[72179] = {\"id\":\"72179\",\"sku\":\"ET2MA30\",\"price\":19.9,\"brand\":\"\",\"quantity\":1,\"dyn_r_ids\":{\"post_id\":\"72179\",\"sku\":\"ET2MA30\",\"gpf\":\"woocommerce_gpf_72179\",\"gla\":\"gla_72179\"},\"is_variable\":false,\"type\":\"simple\",\"name\":\"Mathilde M. Eau de toilette Marquise 30 ml\",\"category\":[\"Eau De Toilette\",\"Gamme pour le Corps\",\"Parfumeurs\"],\"is_variation\":false};\n\t\t\t\t\twindow.pmw_product_position = window.pmw_product_position || 1;\n\t\twindow.pmwDataLayer.products[72179]['position'] = window.pmw_product_position++;\n\t\t\t\t<\/script>\n\t\t\t<\/div>\n<\/div><div class=\"product-small col has-hover product type-product post-229725 status-publish first instock product_cat-craies-parfumees product_cat-parfumeurs product_tag-anges product_tag-idee-de-cadeau product_tag-marquise-fr has-post-thumbnail taxable shipping-taxable purchasable product-type-simple\">\n\t<div class=\"col-inner\">\n\t\n<div class=\"badge-container absolute left top z-1\">\n\n<\/div>\n\t<div class=\"product-small box \">\n\t\t<div class=\"box-image\">\n\t\t\t<div class=\"image-fade_in_back\">\n\t\t\t\t<a href=\"https:\/\/www.tendenzeshabbychic.it\/fr\/produit\/mathilde-m-anges-parfumes-fleur-de-cerisier-copia\/\">\n\t\t\t\t\t<img loading=\"lazy\" decoding=\"async\" width=\"500\" height=\"500\" src=\"https:\/\/www.tendenzeshabbychic.it\/wp-content\/uploads\/2026\/02\/DS238MA-500x500.jpg\" class=\"attachment-woocommerce_thumbnail size-woocommerce_thumbnail\" alt=\"Craie parfum\u00e9e avec trois petits anges et ruban rose, parfum Marquise, dans un coffret cadeau.\" srcset=\"https:\/\/www.tendenzeshabbychic.it\/wp-content\/uploads\/2026\/02\/DS238MA-500x500.jpg 500w, https:\/\/www.tendenzeshabbychic.it\/wp-content\/uploads\/2026\/02\/DS238MA-400x400.jpg 400w, https:\/\/www.tendenzeshabbychic.it\/wp-content\/uploads\/2026\/02\/DS238MA-800x800.jpg 800w, https:\/\/www.tendenzeshabbychic.it\/wp-content\/uploads\/2026\/02\/DS238MA-280x280.jpg 280w, https:\/\/www.tendenzeshabbychic.it\/wp-content\/uploads\/2026\/02\/DS238MA-768x768.jpg 768w, https:\/\/www.tendenzeshabbychic.it\/wp-content\/uploads\/2026\/02\/DS238MA-100x100.jpg 100w, https:\/\/www.tendenzeshabbychic.it\/wp-content\/uploads\/2026\/02\/DS238MA-64x64.jpg 64w, https:\/\/www.tendenzeshabbychic.it\/wp-content\/uploads\/2026\/02\/DS238MA.jpg 1000w\" sizes=\"auto, (max-width: 500px) 100vw, 500px\" \/><img loading=\"lazy\" decoding=\"async\" width=\"500\" height=\"500\" src=\"https:\/\/www.tendenzeshabbychic.it\/wp-content\/uploads\/2026\/02\/DS238MA-1-500x500.jpg\" class=\"show-on-hover absolute fill hide-for-small back-image\" alt=\"Alternative view of Craie parfum\u00e9e Mathilde M Angelots Marquise\" aria-hidden=\"true\" srcset=\"https:\/\/www.tendenzeshabbychic.it\/wp-content\/uploads\/2026\/02\/DS238MA-1-500x500.jpg 500w, https:\/\/www.tendenzeshabbychic.it\/wp-content\/uploads\/2026\/02\/DS238MA-1-400x400.jpg 400w, https:\/\/www.tendenzeshabbychic.it\/wp-content\/uploads\/2026\/02\/DS238MA-1-800x800.jpg 800w, https:\/\/www.tendenzeshabbychic.it\/wp-content\/uploads\/2026\/02\/DS238MA-1-280x280.jpg 280w, https:\/\/www.tendenzeshabbychic.it\/wp-content\/uploads\/2026\/02\/DS238MA-1-768x768.jpg 768w, https:\/\/www.tendenzeshabbychic.it\/wp-content\/uploads\/2026\/02\/DS238MA-1-100x100.jpg 100w, https:\/\/www.tendenzeshabbychic.it\/wp-content\/uploads\/2026\/02\/DS238MA-1-64x64.jpg 64w, https:\/\/www.tendenzeshabbychic.it\/wp-content\/uploads\/2026\/02\/DS238MA-1.jpg 1000w\" sizes=\"auto, (max-width: 500px) 100vw, 500px\" \/>\t\t\t\t<\/a>\n\t\t\t<\/div>\n\t\t\t<div class=\"image-tools is-small top right show-on-hover\">\n\t\t\t\t\t\t\t<\/div>\n\t\t\t<div class=\"image-tools is-small hide-for-small bottom left show-on-hover\">\n\t\t\t\t\t\t\t<\/div>\n\t\t\t<div class=\"image-tools grid-tools text-center hide-for-small bottom hover-slide-in show-on-hover\">\n\t\t\t\t\t\t\t<\/div>\n\t\t\t\t\t<\/div>\n\n\t\t<div class=\"box-text box-text-products\">\n\t\t\t<div class=\"title-wrapper\"><p class=\"name product-title woocommerce-loop-product__title\"><a href=\"https:\/\/www.tendenzeshabbychic.it\/fr\/produit\/mathilde-m-anges-parfumes-fleur-de-cerisier-copia\/\" class=\"woocommerce-LoopProduct-link woocommerce-loop-product__link\">Craie parfum\u00e9e Mathilde M Angelots Marquise<\/a><\/p><\/div><div class=\"price-wrapper\">\n\t<span class=\"price\"><span class=\"woocommerce-Price-amount amount\"><bdi>24,90&nbsp;<span class=\"woocommerce-Price-currencySymbol\" translate=\"no\">&euro;<\/span><\/bdi><\/span><\/span>\n<\/div>\t\t<\/div>\n\t<\/div>\n\t\t\t\t<input type=\"hidden\" class=\"pmwProductId\" data-id=\"229725\">\n\t\t\t\t\t<script>\n\t\t\t(window.pmwDataLayer = window.pmwDataLayer || {}).products                = window.pmwDataLayer.products || {};\n\t\t\twindow.pmwDataLayer.products[229725] = {\"id\":\"229725\",\"sku\":\"DS238MA\",\"price\":24.9,\"brand\":\"\",\"quantity\":1,\"dyn_r_ids\":{\"post_id\":\"229725\",\"sku\":\"DS238MA\",\"gpf\":\"woocommerce_gpf_229725\",\"gla\":\"gla_229725\"},\"is_variable\":false,\"type\":\"simple\",\"name\":\"Craie parfum\u00e9e Mathilde M Angelots Marquise\",\"category\":[\"Craies parfum\u00e9es\",\"Parfumeurs\"],\"is_variation\":false};\n\t\t\t\t\twindow.pmw_product_position = window.pmw_product_position || 1;\n\t\twindow.pmwDataLayer.products[229725]['position'] = window.pmw_product_position++;\n\t\t\t\t<\/script>\n\t\t\t<\/div>\n<\/div><div class=\"product-small col has-hover product type-product post-229567 status-publish instock product_cat-craies-parfumees product_cat-paques product_cat-parfumeurs product_tag-idee-de-cadeau product_tag-marquise-fr has-post-thumbnail sale taxable shipping-taxable purchasable product-type-simple\">\n\t<div class=\"col-inner\">\n\t\n<div class=\"badge-container absolute left top z-1\">\n<div class=\"callout badge badge-square\"><div class=\"badge-inner secondary on-sale\"><span class=\"onsale\">-30%<\/span><\/div><\/div>\n<\/div>\n\t<div class=\"product-small box \">\n\t\t<div class=\"box-image\">\n\t\t\t<div class=\"image-fade_in_back\">\n\t\t\t\t<a href=\"https:\/\/www.tendenzeshabbychic.it\/fr\/produit\/mathilde-m-decor-marquise-dove-11-7-cm\/\">\n\t\t\t\t\t<img loading=\"lazy\" decoding=\"async\" width=\"500\" height=\"500\" src=\"https:\/\/www.tendenzeshabbychic.it\/wp-content\/uploads\/2026\/02\/DS270MA-500x500.jpg\" class=\"attachment-woocommerce_thumbnail size-woocommerce_thumbnail\" alt=\"D\u00e9cor parfum\u00e9 Mathilde M Marquise en pl\u00e2tre blanc en forme de colombe avec fleurs en relief et ruban rose, dans une bo\u00eete \u00e0 tiroirs.\" srcset=\"https:\/\/www.tendenzeshabbychic.it\/wp-content\/uploads\/2026\/02\/DS270MA-500x500.jpg 500w, https:\/\/www.tendenzeshabbychic.it\/wp-content\/uploads\/2026\/02\/DS270MA-400x400.jpg 400w, https:\/\/www.tendenzeshabbychic.it\/wp-content\/uploads\/2026\/02\/DS270MA-800x800.jpg 800w, https:\/\/www.tendenzeshabbychic.it\/wp-content\/uploads\/2026\/02\/DS270MA-280x280.jpg 280w, https:\/\/www.tendenzeshabbychic.it\/wp-content\/uploads\/2026\/02\/DS270MA-768x768.jpg 768w, https:\/\/www.tendenzeshabbychic.it\/wp-content\/uploads\/2026\/02\/DS270MA-100x100.jpg 100w, https:\/\/www.tendenzeshabbychic.it\/wp-content\/uploads\/2026\/02\/DS270MA-64x64.jpg 64w, https:\/\/www.tendenzeshabbychic.it\/wp-content\/uploads\/2026\/02\/DS270MA.jpg 1000w\" sizes=\"auto, (max-width: 500px) 100vw, 500px\" \/><img loading=\"lazy\" decoding=\"async\" width=\"500\" height=\"500\" src=\"https:\/\/www.tendenzeshabbychic.it\/wp-content\/uploads\/2026\/02\/DS270MA-1-500x500.jpg\" class=\"show-on-hover absolute fill hide-for-small back-image\" alt=\"Alternative view of Mathilde M D\u00e9cor Marquise Dove 11.7 cm\" aria-hidden=\"true\" srcset=\"https:\/\/www.tendenzeshabbychic.it\/wp-content\/uploads\/2026\/02\/DS270MA-1-500x500.jpg 500w, https:\/\/www.tendenzeshabbychic.it\/wp-content\/uploads\/2026\/02\/DS270MA-1-400x400.jpg 400w, https:\/\/www.tendenzeshabbychic.it\/wp-content\/uploads\/2026\/02\/DS270MA-1-800x800.jpg 800w, https:\/\/www.tendenzeshabbychic.it\/wp-content\/uploads\/2026\/02\/DS270MA-1-280x280.jpg 280w, https:\/\/www.tendenzeshabbychic.it\/wp-content\/uploads\/2026\/02\/DS270MA-1-768x768.jpg 768w, https:\/\/www.tendenzeshabbychic.it\/wp-content\/uploads\/2026\/02\/DS270MA-1-100x100.jpg 100w, https:\/\/www.tendenzeshabbychic.it\/wp-content\/uploads\/2026\/02\/DS270MA-1-64x64.jpg 64w, https:\/\/www.tendenzeshabbychic.it\/wp-content\/uploads\/2026\/02\/DS270MA-1.jpg 1000w\" sizes=\"auto, (max-width: 500px) 100vw, 500px\" \/>\t\t\t\t<\/a>\n\t\t\t<\/div>\n\t\t\t<div class=\"image-tools is-small top right show-on-hover\">\n\t\t\t\t\t\t\t<\/div>\n\t\t\t<div class=\"image-tools is-small hide-for-small bottom left show-on-hover\">\n\t\t\t\t\t\t\t<\/div>\n\t\t\t<div class=\"image-tools grid-tools text-center hide-for-small bottom hover-slide-in show-on-hover\">\n\t\t\t\t\t\t\t<\/div>\n\t\t\t\t\t<\/div>\n\n\t\t<div class=\"box-text box-text-products\">\n\t\t\t<div class=\"title-wrapper\"><p class=\"name product-title woocommerce-loop-product__title\"><a href=\"https:\/\/www.tendenzeshabbychic.it\/fr\/produit\/mathilde-m-decor-marquise-dove-11-7-cm\/\" class=\"woocommerce-LoopProduct-link woocommerce-loop-product__link\">Mathilde M D\u00e9cor Marquise Dove 11.7 cm<\/a><\/p><\/div><div class=\"price-wrapper\">\n\t<span class=\"price\"><del aria-hidden=\"true\"><span class=\"woocommerce-Price-amount amount\"><bdi>24,90&nbsp;<span class=\"woocommerce-Price-currencySymbol\" translate=\"no\">&euro;<\/span><\/bdi><\/span><\/del> <span class=\"screen-reader-text\">Le prix initial \u00e9tait\u00a0: 24,90&nbsp;&euro;.<\/span><ins aria-hidden=\"true\"><span class=\"woocommerce-Price-amount amount\"><bdi>17,43&nbsp;<span class=\"woocommerce-Price-currencySymbol\" translate=\"no\">&euro;<\/span><\/bdi><\/span><\/ins><span class=\"screen-reader-text\">Le prix actuel est\u00a0: 17,43&nbsp;&euro;.<\/span><\/span>\n<\/div>\t\t<\/div>\n\t<\/div>\n\t\t\t\t<input type=\"hidden\" class=\"pmwProductId\" data-id=\"229567\">\n\t\t\t\t\t<script>\n\t\t\t(window.pmwDataLayer = window.pmwDataLayer || {}).products                = window.pmwDataLayer.products || {};\n\t\t\twindow.pmwDataLayer.products[229567] = {\"id\":\"229567\",\"sku\":\"DS270MA\",\"price\":17.43,\"brand\":\"\",\"quantity\":1,\"dyn_r_ids\":{\"post_id\":\"229567\",\"sku\":\"DS270MA\",\"gpf\":\"woocommerce_gpf_229567\",\"gla\":\"gla_229567\"},\"is_variable\":false,\"type\":\"simple\",\"name\":\"Mathilde M D\u00e9cor Marquise Dove 11.7 cm\",\"category\":[\"Craies parfum\u00e9es\",\"Paques\",\"Parfumeurs\"],\"is_variation\":false};\n\t\t\t\t\twindow.pmw_product_position = window.pmw_product_position || 1;\n\t\twindow.pmwDataLayer.products[229567]['position'] = window.pmw_product_position++;\n\t\t\t\t<\/script>\n\t\t\t<\/div>\n<\/div><div class=\"product-small col has-hover product type-product post-158696 status-publish instock product_cat-parfumeurs product_cat-gamme-pour-le-corps product_tag-idee-de-cadeau product_tag-marquise-fr has-post-thumbnail taxable shipping-taxable purchasable product-type-simple\">\n\t<div class=\"col-inner\">\n\t\n<div class=\"badge-container absolute left top z-1\">\n\n<\/div>\n\t<div class=\"product-small box \">\n\t\t<div class=\"box-image\">\n\t\t\t<div class=\"image-fade_in_back\">\n\t\t\t\t<a href=\"https:\/\/www.tendenzeshabbychic.it\/fr\/produit\/mathilde-m-marquise-corps-200-ml\/\">\n\t\t\t\t\t<img loading=\"lazy\" decoding=\"async\" width=\"500\" height=\"500\" src=\"https:\/\/www.tendenzeshabbychic.it\/wp-content\/uploads\/2024\/08\/latte-corpo-marquise-mathilde-m-500x500.jpg\" class=\"attachment-woocommerce_thumbnail size-woocommerce_thumbnail\" alt=\"Mathilde M. Marquise Corps 200 ml\" srcset=\"https:\/\/www.tendenzeshabbychic.it\/wp-content\/uploads\/2024\/08\/latte-corpo-marquise-mathilde-m-500x500.jpg 500w, https:\/\/www.tendenzeshabbychic.it\/wp-content\/uploads\/2024\/08\/latte-corpo-marquise-mathilde-m-100x100.jpg 100w, https:\/\/www.tendenzeshabbychic.it\/wp-content\/uploads\/2024\/08\/latte-corpo-marquise-mathilde-m-64x64.jpg 64w, https:\/\/www.tendenzeshabbychic.it\/wp-content\/uploads\/2024\/08\/latte-corpo-marquise-mathilde-m-400x400.jpg 400w, https:\/\/www.tendenzeshabbychic.it\/wp-content\/uploads\/2024\/08\/latte-corpo-marquise-mathilde-m-800x800.jpg 800w, https:\/\/www.tendenzeshabbychic.it\/wp-content\/uploads\/2024\/08\/latte-corpo-marquise-mathilde-m-280x280.jpg 280w, https:\/\/www.tendenzeshabbychic.it\/wp-content\/uploads\/2024\/08\/latte-corpo-marquise-mathilde-m-768x768.jpg 768w, https:\/\/www.tendenzeshabbychic.it\/wp-content\/uploads\/2024\/08\/latte-corpo-marquise-mathilde-m.jpg 1000w\" sizes=\"auto, (max-width: 500px) 100vw, 500px\" \/>\t\t\t\t<\/a>\n\t\t\t<\/div>\n\t\t\t<div class=\"image-tools is-small top right show-on-hover\">\n\t\t\t\t\t\t\t<\/div>\n\t\t\t<div class=\"image-tools is-small hide-for-small bottom left show-on-hover\">\n\t\t\t\t\t\t\t<\/div>\n\t\t\t<div class=\"image-tools grid-tools text-center hide-for-small bottom hover-slide-in show-on-hover\">\n\t\t\t\t\t\t\t<\/div>\n\t\t\t\t\t<\/div>\n\n\t\t<div class=\"box-text box-text-products\">\n\t\t\t<div class=\"title-wrapper\"><p class=\"name product-title woocommerce-loop-product__title\"><a href=\"https:\/\/www.tendenzeshabbychic.it\/fr\/produit\/mathilde-m-marquise-corps-200-ml\/\" class=\"woocommerce-LoopProduct-link woocommerce-loop-product__link\">Mathilde M. Marquise Corps 200 ml<\/a><\/p><\/div><div class=\"price-wrapper\">\n\t<span class=\"price\"><span class=\"woocommerce-Price-amount amount\"><bdi>14,90&nbsp;<span class=\"woocommerce-Price-currencySymbol\" translate=\"no\">&euro;<\/span><\/bdi><\/span><\/span>\n<\/div>\t\t<\/div>\n\t<\/div>\n\t\t\t\t<input type=\"hidden\" class=\"pmwProductId\" data-id=\"158696\">\n\t\t\t\t\t<script>\n\t\t\t(window.pmwDataLayer = window.pmwDataLayer || {}).products                = window.pmwDataLayer.products || {};\n\t\t\twindow.pmwDataLayer.products[158696] = {\"id\":\"158696\",\"sku\":\"LCDMA\",\"price\":14.9,\"brand\":\"\",\"quantity\":1,\"dyn_r_ids\":{\"post_id\":\"158696\",\"sku\":\"LCDMA\",\"gpf\":\"woocommerce_gpf_158696\",\"gla\":\"gla_158696\"},\"is_variable\":false,\"type\":\"simple\",\"name\":\"Mathilde M. Marquise Corps 200 ml\",\"category\":[\"Parfumeurs\",\"Gamme pour le Corps\"],\"is_variation\":false};\n\t\t\t\t\twindow.pmw_product_position = window.pmw_product_position || 1;\n\t\twindow.pmwDataLayer.products[158696]['position'] = window.pmw_product_position++;\n\t\t\t\t<\/script>\n\t\t\t<\/div>\n<\/div><\/div>\n\n<div class=\"text-center\"><div class=\"is-divider divider clearfix\" ><\/div><\/div>\n\n\n\t\t<\/div>\n\t\t\t\t\t<\/div>\n\n\t\n\n<\/div>\n<div class=\"row\"  id=\"row-51441331\">\n\n\n\t<div id=\"col-1501829687\" class=\"col medium-6 small-12 large-6\"  >\n\t\t\t\t<div class=\"col-inner\"  >\n\t\t\t\n\t\t\t\n\n\t<div id=\"gap-1288292531\" class=\"gap-element clearfix hide-for-medium\" style=\"display:block; height:auto;\">\n\t\t\n<style>\n#gap-1288292531 {\n  padding-top: 112px;\n}\n<\/style>\n\t<\/div>\n\t\n\n\n\t<a class=\"plain\" href=\"https:\/\/www.tendenzeshabbychic.it\/fr\/Etiquette-produit\/fleur-de-coton-fr\/\">\t<div class=\"icon-box featured-box icon-box-center text-center\"  >\n\t\t\t\t\t<div class=\"icon-box-img\" style=\"width: 100px\">\n\t\t\t\t<div class=\"icon\">\n\t\t\t\t\t<div class=\"icon-inner\" >\n\t\t\t\t\t\t<img loading=\"lazy\" decoding=\"async\" width=\"100\" height=\"100\" src=\"https:\/\/www.tendenzeshabbychic.it\/wp-content\/uploads\/2021\/05\/fleur-de-coton.png\" class=\"attachment-medium size-medium\" alt=\"\" srcset=\"https:\/\/www.tendenzeshabbychic.it\/wp-content\/uploads\/2021\/05\/fleur-de-coton.png 100w, https:\/\/www.tendenzeshabbychic.it\/wp-content\/uploads\/2021\/05\/fleur-de-coton-64x64.png 64w\" sizes=\"auto, (max-width: 100px) 100vw, 100px\" \/>\t\t\t\t\t<\/div>\n\t\t\t\t<\/div>\n\t\t\t<\/div>\n\t\t\t\t<div class=\"icon-box-text last-reset\">\n\t\t\t<h5 class=\"uppercase\">fleur de coton<\/h5>\t\t\t\t\t\t\n\n<p style=\"text-align: left;\">Une rencontre pr\u00e9cieuse et sensuelle de notes bois\u00e9es et \u00e9pic\u00e9es avec la douceur de la vanille et du musc blanc.<\/p>\n\n\t\t<\/div>\n\t<\/div>\n\t<\/a>\n\t\n\n\t\t<\/div>\n\t\t\t\t\t<\/div>\n\n\t\n\n\t<div id=\"col-1013520309\" class=\"col medium-6 small-12 large-6\"  >\n\t\t\t\t<div class=\"col-inner\"  >\n\t\t\t\n\t\t\t\n\n\t<div class=\"img has-hover x md-x lg-x y md-y lg-y\" id=\"image_370087880\">\n\t\t\t\t\t\t\t\t<div class=\"img-inner dark\" >\n\t\t\t<img loading=\"lazy\" decoding=\"async\" width=\"658\" height=\"800\" src=\"https:\/\/www.tendenzeshabbychic.it\/wp-content\/uploads\/2021\/05\/fleur-de-coton-piramide-olfattiva-658x800.png\" class=\"attachment-large size-large\" alt=\"\" srcset=\"https:\/\/www.tendenzeshabbychic.it\/wp-content\/uploads\/2021\/05\/fleur-de-coton-piramide-olfattiva-658x800.png 658w, https:\/\/www.tendenzeshabbychic.it\/wp-content\/uploads\/2021\/05\/fleur-de-coton-piramide-olfattiva-64x78.png 64w, https:\/\/www.tendenzeshabbychic.it\/wp-content\/uploads\/2021\/05\/fleur-de-coton-piramide-olfattiva-500x608.png 500w, https:\/\/www.tendenzeshabbychic.it\/wp-content\/uploads\/2021\/05\/fleur-de-coton-piramide-olfattiva-329x400.png 329w, https:\/\/www.tendenzeshabbychic.it\/wp-content\/uploads\/2021\/05\/fleur-de-coton-piramide-olfattiva-768x934.png 768w, https:\/\/www.tendenzeshabbychic.it\/wp-content\/uploads\/2021\/05\/fleur-de-coton-piramide-olfattiva-510x620.png 510w, https:\/\/www.tendenzeshabbychic.it\/wp-content\/uploads\/2021\/05\/fleur-de-coton-piramide-olfattiva.png 770w\" sizes=\"auto, (max-width: 658px) 100vw, 658px\" \/>\t\t\t\t\t\t\n\t\t\t\t\t<\/div>\n\t\t\t\t\t\t\t\t\n<style>\n#image_370087880 {\n  width: 100%;\n}\n<\/style>\n\t<\/div>\n\t\n\n\n\t\t<\/div>\n\t\t\t\t\t<\/div>\n\n\t\n\n\t<div id=\"col-364191510\" class=\"col small-12 large-12\"  >\n\t\t\t\t<div class=\"col-inner\"  >\n\t\t\t\n\t\t\t\n\n\t\n  \n    <div class=\"row large-columns-4 medium-columns-3 small-columns-2 row-small has-shadow row-box-shadow-1 slider row-slider slider-nav-reveal slider-nav-push\"  data-flickity-options='{&quot;imagesLoaded&quot;: true, &quot;groupCells&quot;: &quot;100%&quot;, &quot;dragThreshold&quot; : 5, &quot;cellAlign&quot;: &quot;left&quot;,&quot;wrapAround&quot;: true,&quot;prevNextButtons&quot;: true,&quot;percentPosition&quot;: true,&quot;pageDots&quot;: false, &quot;rightToLeft&quot;: false, &quot;autoPlay&quot; : false}' >\n\n  \n\t     <div class=\"product-small col has-hover product type-product post-250767 status-publish last instock product_cat-bougies-parfumees product_cat-parfumeurs product_tag-fleur-de-coton-fr product_tag-idee-de-cadeau has-post-thumbnail taxable shipping-taxable purchasable product-type-simple\">\n\t<div class=\"col-inner\">\n\t\n<div class=\"badge-container absolute left top z-1\">\n\n<\/div>\n\t<div class=\"product-small box \">\n\t\t<div class=\"box-image\">\n\t\t\t<div class=\"image-fade_in_back\">\n\t\t\t\t<a href=\"https:\/\/www.tendenzeshabbychic.it\/fr\/produit\/mathilde-m-wax-pods-fleur-de-cerisier-4-pcs-copia-2\/\">\n\t\t\t\t\t<img loading=\"lazy\" decoding=\"async\" width=\"500\" height=\"500\" src=\"https:\/\/www.tendenzeshabbychic.it\/wp-content\/uploads\/2026\/07\/cofanetto-di-4-decors-fondenti-in-cera-profumata-fleur-de-coton-2-500x500.webp\" class=\"attachment-woocommerce_thumbnail size-woocommerce_thumbnail\" alt=\"Mathilde M Fondants de Cire fleur de coton 4 pcs\" srcset=\"https:\/\/www.tendenzeshabbychic.it\/wp-content\/uploads\/2026\/07\/cofanetto-di-4-decors-fondenti-in-cera-profumata-fleur-de-coton-2-500x500.webp 500w, https:\/\/www.tendenzeshabbychic.it\/wp-content\/uploads\/2026\/07\/cofanetto-di-4-decors-fondenti-in-cera-profumata-fleur-de-coton-2-400x400.webp 400w, https:\/\/www.tendenzeshabbychic.it\/wp-content\/uploads\/2026\/07\/cofanetto-di-4-decors-fondenti-in-cera-profumata-fleur-de-coton-2-800x800.webp 800w, https:\/\/www.tendenzeshabbychic.it\/wp-content\/uploads\/2026\/07\/cofanetto-di-4-decors-fondenti-in-cera-profumata-fleur-de-coton-2-280x280.webp 280w, https:\/\/www.tendenzeshabbychic.it\/wp-content\/uploads\/2026\/07\/cofanetto-di-4-decors-fondenti-in-cera-profumata-fleur-de-coton-2-768x768.webp 768w, https:\/\/www.tendenzeshabbychic.it\/wp-content\/uploads\/2026\/07\/cofanetto-di-4-decors-fondenti-in-cera-profumata-fleur-de-coton-2-100x100.webp 100w, https:\/\/www.tendenzeshabbychic.it\/wp-content\/uploads\/2026\/07\/cofanetto-di-4-decors-fondenti-in-cera-profumata-fleur-de-coton-2-64x64.webp 64w, https:\/\/www.tendenzeshabbychic.it\/wp-content\/uploads\/2026\/07\/cofanetto-di-4-decors-fondenti-in-cera-profumata-fleur-de-coton-2.webp 1000w\" sizes=\"auto, (max-width: 500px) 100vw, 500px\" \/><img loading=\"lazy\" decoding=\"async\" width=\"500\" height=\"500\" src=\"https:\/\/www.tendenzeshabbychic.it\/wp-content\/uploads\/2026\/07\/cofanetto-di-4-decors-fondenti-in-cera-profumata-fleur-de-coton-1-2-500x500.webp\" class=\"show-on-hover absolute fill hide-for-small back-image\" alt=\"Alternative view of Mathilde M Fondants de Cire fleur de coton 4 pcs\" aria-hidden=\"true\" srcset=\"https:\/\/www.tendenzeshabbychic.it\/wp-content\/uploads\/2026\/07\/cofanetto-di-4-decors-fondenti-in-cera-profumata-fleur-de-coton-1-2-500x500.webp 500w, https:\/\/www.tendenzeshabbychic.it\/wp-content\/uploads\/2026\/07\/cofanetto-di-4-decors-fondenti-in-cera-profumata-fleur-de-coton-1-2-400x400.webp 400w, https:\/\/www.tendenzeshabbychic.it\/wp-content\/uploads\/2026\/07\/cofanetto-di-4-decors-fondenti-in-cera-profumata-fleur-de-coton-1-2-800x800.webp 800w, https:\/\/www.tendenzeshabbychic.it\/wp-content\/uploads\/2026\/07\/cofanetto-di-4-decors-fondenti-in-cera-profumata-fleur-de-coton-1-2-280x280.webp 280w, https:\/\/www.tendenzeshabbychic.it\/wp-content\/uploads\/2026\/07\/cofanetto-di-4-decors-fondenti-in-cera-profumata-fleur-de-coton-1-2-768x768.webp 768w, https:\/\/www.tendenzeshabbychic.it\/wp-content\/uploads\/2026\/07\/cofanetto-di-4-decors-fondenti-in-cera-profumata-fleur-de-coton-1-2-100x100.webp 100w, https:\/\/www.tendenzeshabbychic.it\/wp-content\/uploads\/2026\/07\/cofanetto-di-4-decors-fondenti-in-cera-profumata-fleur-de-coton-1-2-64x64.webp 64w, https:\/\/www.tendenzeshabbychic.it\/wp-content\/uploads\/2026\/07\/cofanetto-di-4-decors-fondenti-in-cera-profumata-fleur-de-coton-1-2.webp 1000w\" sizes=\"auto, (max-width: 500px) 100vw, 500px\" \/>\t\t\t\t<\/a>\n\t\t\t<\/div>\n\t\t\t<div class=\"image-tools is-small top right show-on-hover\">\n\t\t\t\t\t\t\t<\/div>\n\t\t\t<div class=\"image-tools is-small hide-for-small bottom left show-on-hover\">\n\t\t\t\t\t\t\t<\/div>\n\t\t\t<div class=\"image-tools grid-tools text-center hide-for-small bottom hover-slide-in show-on-hover\">\n\t\t\t\t\t\t\t<\/div>\n\t\t\t\t\t<\/div>\n\n\t\t<div class=\"box-text box-text-products\">\n\t\t\t<div class=\"title-wrapper\"><p class=\"name product-title woocommerce-loop-product__title\"><a href=\"https:\/\/www.tendenzeshabbychic.it\/fr\/produit\/mathilde-m-wax-pods-fleur-de-cerisier-4-pcs-copia-2\/\" class=\"woocommerce-LoopProduct-link woocommerce-loop-product__link\">Mathilde M Fondants de Cire fleur de coton 4 pcs<\/a><\/p><\/div><div class=\"price-wrapper\">\n\t<span class=\"price\"><span class=\"woocommerce-Price-amount amount\"><bdi>7,90&nbsp;<span class=\"woocommerce-Price-currencySymbol\" translate=\"no\">&euro;<\/span><\/bdi><\/span><\/span>\n<\/div>\t\t<\/div>\n\t<\/div>\n\t\t\t\t<input type=\"hidden\" class=\"pmwProductId\" data-id=\"250767\">\n\t\t\t\t\t<script>\n\t\t\t(window.pmwDataLayer = window.pmwDataLayer || {}).products                = window.pmwDataLayer.products || {};\n\t\t\twindow.pmwDataLayer.products[250767] = {\"id\":\"250767\",\"sku\":\"B4DF4FC\",\"price\":7.9,\"brand\":\"\",\"quantity\":1,\"dyn_r_ids\":{\"post_id\":\"250767\",\"sku\":\"B4DF4FC\",\"gpf\":\"woocommerce_gpf_250767\",\"gla\":\"gla_250767\"},\"is_variable\":false,\"type\":\"simple\",\"name\":\"Mathilde M Fondants de Cire fleur de coton 4 pcs\",\"category\":[\"Bougies parfum\u00e9es\",\"Parfumeurs\"],\"is_variation\":false};\n\t\t\t\t\twindow.pmw_product_position = window.pmw_product_position || 1;\n\t\twindow.pmwDataLayer.products[250767]['position'] = window.pmw_product_position++;\n\t\t\t\t<\/script>\n\t\t\t<\/div>\n<\/div><div class=\"product-small col has-hover product type-product post-251497 status-publish first instock product_cat-essences-concentrees product_cat-parfumeurs product_tag-fleur-de-coton-fr has-post-thumbnail taxable shipping-taxable purchasable product-type-simple\">\n\t<div class=\"col-inner\">\n\t\n<div class=\"badge-container absolute left top z-1\">\n\n<\/div>\n\t<div class=\"product-small box \">\n\t\t<div class=\"box-image\">\n\t\t\t<div class=\"image-fade_in_back\">\n\t\t\t\t<a href=\"https:\/\/www.tendenzeshabbychic.it\/fr\/produit\/mathilde-m-superconcentre-cedre-eternel-10-ml\/\">\n\t\t\t\t\t<img loading=\"lazy\" decoding=\"async\" width=\"500\" height=\"500\" src=\"https:\/\/www.tendenzeshabbychic.it\/wp-content\/uploads\/2026\/07\/Mathilde-M-Superconcentrato-Cedre-Eternel-10-ml-500x500.webp\" class=\"attachment-woocommerce_thumbnail size-woocommerce_thumbnail\" alt=\"Superconcentr\u00e9 Mathilde M C\u00e8dre \u00c9ternel de 10 ml en flacon de verre transparent, avec liquide jaune clair et bouchon doseur blanc.\" srcset=\"https:\/\/www.tendenzeshabbychic.it\/wp-content\/uploads\/2026\/07\/Mathilde-M-Superconcentrato-Cedre-Eternel-10-ml-500x500.webp 500w, https:\/\/www.tendenzeshabbychic.it\/wp-content\/uploads\/2026\/07\/Mathilde-M-Superconcentrato-Cedre-Eternel-10-ml-400x400.webp 400w, https:\/\/www.tendenzeshabbychic.it\/wp-content\/uploads\/2026\/07\/Mathilde-M-Superconcentrato-Cedre-Eternel-10-ml-800x800.webp 800w, https:\/\/www.tendenzeshabbychic.it\/wp-content\/uploads\/2026\/07\/Mathilde-M-Superconcentrato-Cedre-Eternel-10-ml-280x280.webp 280w, https:\/\/www.tendenzeshabbychic.it\/wp-content\/uploads\/2026\/07\/Mathilde-M-Superconcentrato-Cedre-Eternel-10-ml-768x768.webp 768w, https:\/\/www.tendenzeshabbychic.it\/wp-content\/uploads\/2026\/07\/Mathilde-M-Superconcentrato-Cedre-Eternel-10-ml-100x100.webp 100w, https:\/\/www.tendenzeshabbychic.it\/wp-content\/uploads\/2026\/07\/Mathilde-M-Superconcentrato-Cedre-Eternel-10-ml-64x64.webp 64w, https:\/\/www.tendenzeshabbychic.it\/wp-content\/uploads\/2026\/07\/Mathilde-M-Superconcentrato-Cedre-Eternel-10-ml.webp 1000w\" sizes=\"auto, (max-width: 500px) 100vw, 500px\" \/><img loading=\"lazy\" decoding=\"async\" width=\"500\" height=\"500\" src=\"https:\/\/www.tendenzeshabbychic.it\/wp-content\/uploads\/2026\/07\/superconcentrato-di-profumo-ambiente-10-ml-rose-elixir-1-500x500.webp\" class=\"show-on-hover absolute fill hide-for-small back-image\" alt=\"Alternative view of Mathilde M Superconcentr\u00e9 C\u00e8dre \u00c9ternel 10 ml\" aria-hidden=\"true\" srcset=\"https:\/\/www.tendenzeshabbychic.it\/wp-content\/uploads\/2026\/07\/superconcentrato-di-profumo-ambiente-10-ml-rose-elixir-1-500x500.webp 500w, https:\/\/www.tendenzeshabbychic.it\/wp-content\/uploads\/2026\/07\/superconcentrato-di-profumo-ambiente-10-ml-rose-elixir-1-400x400.webp 400w, https:\/\/www.tendenzeshabbychic.it\/wp-content\/uploads\/2026\/07\/superconcentrato-di-profumo-ambiente-10-ml-rose-elixir-1-800x800.webp 800w, https:\/\/www.tendenzeshabbychic.it\/wp-content\/uploads\/2026\/07\/superconcentrato-di-profumo-ambiente-10-ml-rose-elixir-1-280x280.webp 280w, https:\/\/www.tendenzeshabbychic.it\/wp-content\/uploads\/2026\/07\/superconcentrato-di-profumo-ambiente-10-ml-rose-elixir-1-768x768.webp 768w, https:\/\/www.tendenzeshabbychic.it\/wp-content\/uploads\/2026\/07\/superconcentrato-di-profumo-ambiente-10-ml-rose-elixir-1-100x100.webp 100w, https:\/\/www.tendenzeshabbychic.it\/wp-content\/uploads\/2026\/07\/superconcentrato-di-profumo-ambiente-10-ml-rose-elixir-1-64x64.webp 64w, https:\/\/www.tendenzeshabbychic.it\/wp-content\/uploads\/2026\/07\/superconcentrato-di-profumo-ambiente-10-ml-rose-elixir-1.webp 1000w\" sizes=\"auto, (max-width: 500px) 100vw, 500px\" \/>\t\t\t\t<\/a>\n\t\t\t<\/div>\n\t\t\t<div class=\"image-tools is-small top right show-on-hover\">\n\t\t\t\t\t\t\t<\/div>\n\t\t\t<div class=\"image-tools is-small hide-for-small bottom left show-on-hover\">\n\t\t\t\t\t\t\t<\/div>\n\t\t\t<div class=\"image-tools grid-tools text-center hide-for-small bottom hover-slide-in show-on-hover\">\n\t\t\t\t\t\t\t<\/div>\n\t\t\t\t\t<\/div>\n\n\t\t<div class=\"box-text box-text-products\">\n\t\t\t<div class=\"title-wrapper\"><p class=\"name product-title woocommerce-loop-product__title\"><a href=\"https:\/\/www.tendenzeshabbychic.it\/fr\/produit\/mathilde-m-superconcentre-cedre-eternel-10-ml\/\" class=\"woocommerce-LoopProduct-link woocommerce-loop-product__link\">Mathilde M Superconcentr\u00e9 C\u00e8dre \u00c9ternel 10 ml<\/a><\/p><\/div><div class=\"price-wrapper\">\n\t<span class=\"price\"><span class=\"woocommerce-Price-amount amount\"><bdi>9,90&nbsp;<span class=\"woocommerce-Price-currencySymbol\" translate=\"no\">&euro;<\/span><\/bdi><\/span><\/span>\n<\/div>\t\t<\/div>\n\t<\/div>\n\t\t\t\t<input type=\"hidden\" class=\"pmwProductId\" data-id=\"251497\">\n\t\t\t\t\t<script>\n\t\t\t(window.pmwDataLayer = window.pmwDataLayer || {}).products                = window.pmwDataLayer.products || {};\n\t\t\twindow.pmwDataLayer.products[251497] = {\"id\":\"251497\",\"sku\":\"STI2NCED\",\"price\":9.9,\"brand\":\"\",\"quantity\":1,\"dyn_r_ids\":{\"post_id\":\"251497\",\"sku\":\"STI2NCED\",\"gpf\":\"woocommerce_gpf_251497\",\"gla\":\"gla_251497\"},\"is_variable\":false,\"type\":\"simple\",\"name\":\"Mathilde M Superconcentr\u00e9 C\u00e8dre \u00c9ternel 10 ml\",\"category\":[\"Essences concentr\u00e9es\",\"Parfumeurs\"],\"is_variation\":false};\n\t\t\t\t\twindow.pmw_product_position = window.pmw_product_position || 1;\n\t\twindow.pmwDataLayer.products[251497]['position'] = window.pmw_product_position++;\n\t\t\t\t<\/script>\n\t\t\t<\/div>\n<\/div><div class=\"product-small col has-hover product type-product post-251759 status-publish instock product_cat-essences-concentrees product_cat-parfumeurs product_tag-fleur-de-coton-fr has-post-thumbnail taxable shipping-taxable purchasable product-type-simple\">\n\t<div class=\"col-inner\">\n\t\n<div class=\"badge-container absolute left top z-1\">\n\n<\/div>\n\t<div class=\"product-small box \">\n\t\t<div class=\"box-image\">\n\t\t\t<div class=\"image-fade_in_back\">\n\t\t\t\t<a href=\"https:\/\/www.tendenzeshabbychic.it\/fr\/produit\/surconcentre-de-parfum-fleur-de-coton-mathilde-m-10-ml\/\">\n\t\t\t\t\t<img loading=\"lazy\" decoding=\"async\" width=\"500\" height=\"500\" src=\"https:\/\/www.tendenzeshabbychic.it\/wp-content\/uploads\/2026\/07\/les-intemporelles-highly-concentrated-home-fragrance-10-ml-fleur-de-coton-500x500.webp\" class=\"attachment-woocommerce_thumbnail size-woocommerce_thumbnail\" alt=\"Surconcentr\u00e9 de parfum Fleur de Coton Mathilde M \u2013 10 ml\" srcset=\"https:\/\/www.tendenzeshabbychic.it\/wp-content\/uploads\/2026\/07\/les-intemporelles-highly-concentrated-home-fragrance-10-ml-fleur-de-coton-500x500.webp 500w, https:\/\/www.tendenzeshabbychic.it\/wp-content\/uploads\/2026\/07\/les-intemporelles-highly-concentrated-home-fragrance-10-ml-fleur-de-coton-400x400.webp 400w, https:\/\/www.tendenzeshabbychic.it\/wp-content\/uploads\/2026\/07\/les-intemporelles-highly-concentrated-home-fragrance-10-ml-fleur-de-coton-800x800.webp 800w, https:\/\/www.tendenzeshabbychic.it\/wp-content\/uploads\/2026\/07\/les-intemporelles-highly-concentrated-home-fragrance-10-ml-fleur-de-coton-280x280.webp 280w, https:\/\/www.tendenzeshabbychic.it\/wp-content\/uploads\/2026\/07\/les-intemporelles-highly-concentrated-home-fragrance-10-ml-fleur-de-coton-768x768.webp 768w, https:\/\/www.tendenzeshabbychic.it\/wp-content\/uploads\/2026\/07\/les-intemporelles-highly-concentrated-home-fragrance-10-ml-fleur-de-coton-100x100.webp 100w, https:\/\/www.tendenzeshabbychic.it\/wp-content\/uploads\/2026\/07\/les-intemporelles-highly-concentrated-home-fragrance-10-ml-fleur-de-coton-64x64.webp 64w, https:\/\/www.tendenzeshabbychic.it\/wp-content\/uploads\/2026\/07\/les-intemporelles-highly-concentrated-home-fragrance-10-ml-fleur-de-coton.webp 1000w\" sizes=\"auto, (max-width: 500px) 100vw, 500px\" \/><img loading=\"lazy\" decoding=\"async\" width=\"500\" height=\"500\" src=\"https:\/\/www.tendenzeshabbychic.it\/wp-content\/uploads\/2026\/07\/superconcentrato-di-profumo-ambiente-10-ml-rose-elixir-1-500x500.webp\" class=\"show-on-hover absolute fill hide-for-small back-image\" alt=\"Alternative view of Surconcentr\u00e9 de parfum Fleur de Coton Mathilde M \u2013 10 ml\" aria-hidden=\"true\" srcset=\"https:\/\/www.tendenzeshabbychic.it\/wp-content\/uploads\/2026\/07\/superconcentrato-di-profumo-ambiente-10-ml-rose-elixir-1-500x500.webp 500w, https:\/\/www.tendenzeshabbychic.it\/wp-content\/uploads\/2026\/07\/superconcentrato-di-profumo-ambiente-10-ml-rose-elixir-1-400x400.webp 400w, https:\/\/www.tendenzeshabbychic.it\/wp-content\/uploads\/2026\/07\/superconcentrato-di-profumo-ambiente-10-ml-rose-elixir-1-800x800.webp 800w, https:\/\/www.tendenzeshabbychic.it\/wp-content\/uploads\/2026\/07\/superconcentrato-di-profumo-ambiente-10-ml-rose-elixir-1-280x280.webp 280w, https:\/\/www.tendenzeshabbychic.it\/wp-content\/uploads\/2026\/07\/superconcentrato-di-profumo-ambiente-10-ml-rose-elixir-1-768x768.webp 768w, https:\/\/www.tendenzeshabbychic.it\/wp-content\/uploads\/2026\/07\/superconcentrato-di-profumo-ambiente-10-ml-rose-elixir-1-100x100.webp 100w, https:\/\/www.tendenzeshabbychic.it\/wp-content\/uploads\/2026\/07\/superconcentrato-di-profumo-ambiente-10-ml-rose-elixir-1-64x64.webp 64w, https:\/\/www.tendenzeshabbychic.it\/wp-content\/uploads\/2026\/07\/superconcentrato-di-profumo-ambiente-10-ml-rose-elixir-1.webp 1000w\" sizes=\"auto, (max-width: 500px) 100vw, 500px\" \/>\t\t\t\t<\/a>\n\t\t\t<\/div>\n\t\t\t<div class=\"image-tools is-small top right show-on-hover\">\n\t\t\t\t\t\t\t<\/div>\n\t\t\t<div class=\"image-tools is-small hide-for-small bottom left show-on-hover\">\n\t\t\t\t\t\t\t<\/div>\n\t\t\t<div class=\"image-tools grid-tools text-center hide-for-small bottom hover-slide-in show-on-hover\">\n\t\t\t\t\t\t\t<\/div>\n\t\t\t\t\t<\/div>\n\n\t\t<div class=\"box-text box-text-products\">\n\t\t\t<div class=\"title-wrapper\"><p class=\"name product-title woocommerce-loop-product__title\"><a href=\"https:\/\/www.tendenzeshabbychic.it\/fr\/produit\/surconcentre-de-parfum-fleur-de-coton-mathilde-m-10-ml\/\" class=\"woocommerce-LoopProduct-link woocommerce-loop-product__link\">Surconcentr\u00e9 de parfum Fleur de Coton Mathilde M \u2013 10 ml<\/a><\/p><\/div><div class=\"price-wrapper\">\n\t<span class=\"price\"><span class=\"woocommerce-Price-amount amount\"><bdi>9,90&nbsp;<span class=\"woocommerce-Price-currencySymbol\" translate=\"no\">&euro;<\/span><\/bdi><\/span><\/span>\n<\/div>\t\t<\/div>\n\t<\/div>\n\t\t\t\t<input type=\"hidden\" class=\"pmwProductId\" data-id=\"251759\">\n\t\t\t\t\t<script>\n\t\t\t(window.pmwDataLayer = window.pmwDataLayer || {}).products                = window.pmwDataLayer.products || {};\n\t\t\twindow.pmwDataLayer.products[251759] = {\"id\":\"251759\",\"sku\":\"STI2NFC\",\"price\":9.9,\"brand\":\"\",\"quantity\":1,\"dyn_r_ids\":{\"post_id\":\"251759\",\"sku\":\"STI2NFC\",\"gpf\":\"woocommerce_gpf_251759\",\"gla\":\"gla_251759\"},\"is_variable\":false,\"type\":\"simple\",\"name\":\"Surconcentr\u00e9 de parfum Fleur de Coton Mathilde M \u2013 10 ml\",\"category\":[\"Essences concentr\u00e9es\",\"Parfumeurs\"],\"is_variation\":false};\n\t\t\t\t\twindow.pmw_product_position = window.pmw_product_position || 1;\n\t\twindow.pmwDataLayer.products[251759]['position'] = window.pmw_product_position++;\n\t\t\t\t<\/script>\n\t\t\t<\/div>\n<\/div><div class=\"product-small col has-hover product type-product post-73360 status-publish instock product_cat-parfums-pour-tissus product_tag-fleur-de-coton-fr product_tag-idee-de-cadeau has-post-thumbnail taxable shipping-taxable purchasable product-type-simple\">\n\t<div class=\"col-inner\">\n\t\n<div class=\"badge-container absolute left top z-1\">\n\n<\/div>\n\t<div class=\"product-small box \">\n\t\t<div class=\"box-image\">\n\t\t\t<div class=\"image-fade_in_back\">\n\t\t\t\t<a href=\"https:\/\/www.tendenzeshabbychic.it\/fr\/produit\/parfumeur-pour-tissus-mathilde-m-fleur-de-coton-75-ml\/\">\n\t\t\t\t\t<img loading=\"lazy\" decoding=\"async\" width=\"500\" height=\"500\" src=\"https:\/\/www.tendenzeshabbychic.it\/wp-content\/uploads\/2023\/07\/spray-tessuti-fleur-de-coton-500x500.jpg\" class=\"attachment-woocommerce_thumbnail size-woocommerce_thumbnail\" alt=\"Parfum pour Tissus Mathilde M. - Fleur de Coton 75 ml\" srcset=\"https:\/\/www.tendenzeshabbychic.it\/wp-content\/uploads\/2023\/07\/spray-tessuti-fleur-de-coton-500x500.jpg 500w, https:\/\/www.tendenzeshabbychic.it\/wp-content\/uploads\/2023\/07\/spray-tessuti-fleur-de-coton-100x100.jpg 100w, https:\/\/www.tendenzeshabbychic.it\/wp-content\/uploads\/2023\/07\/spray-tessuti-fleur-de-coton-64x64.jpg 64w, https:\/\/www.tendenzeshabbychic.it\/wp-content\/uploads\/2023\/07\/spray-tessuti-fleur-de-coton-400x400.jpg 400w, https:\/\/www.tendenzeshabbychic.it\/wp-content\/uploads\/2023\/07\/spray-tessuti-fleur-de-coton-800x800.jpg 800w, https:\/\/www.tendenzeshabbychic.it\/wp-content\/uploads\/2023\/07\/spray-tessuti-fleur-de-coton-280x280.jpg 280w, https:\/\/www.tendenzeshabbychic.it\/wp-content\/uploads\/2023\/07\/spray-tessuti-fleur-de-coton-768x768.jpg 768w, https:\/\/www.tendenzeshabbychic.it\/wp-content\/uploads\/2023\/07\/spray-tessuti-fleur-de-coton.jpg 1000w\" sizes=\"auto, (max-width: 500px) 100vw, 500px\" \/>\t\t\t\t<\/a>\n\t\t\t<\/div>\n\t\t\t<div class=\"image-tools is-small top right show-on-hover\">\n\t\t\t\t\t\t\t<\/div>\n\t\t\t<div class=\"image-tools is-small hide-for-small bottom left show-on-hover\">\n\t\t\t\t\t\t\t<\/div>\n\t\t\t<div class=\"image-tools grid-tools text-center hide-for-small bottom hover-slide-in show-on-hover\">\n\t\t\t\t\t\t\t<\/div>\n\t\t\t\t\t<\/div>\n\n\t\t<div class=\"box-text box-text-products\">\n\t\t\t<div class=\"title-wrapper\"><p class=\"name product-title woocommerce-loop-product__title\"><a href=\"https:\/\/www.tendenzeshabbychic.it\/fr\/produit\/parfumeur-pour-tissus-mathilde-m-fleur-de-coton-75-ml\/\" class=\"woocommerce-LoopProduct-link woocommerce-loop-product__link\">Parfum pour Tissus Mathilde M. &#8211; Fleur de Coton 75 ml<\/a><\/p><\/div><div class=\"price-wrapper\"><div class=\"star-rating star-rating--inline\" role=\"img\" aria-label=\"Note 5 sur 5\"><span style=\"width:100%\">Note <strong class=\"rating\">5<\/strong> sur 5<\/span><\/div>\n\t<span class=\"price\"><span class=\"woocommerce-Price-amount amount\"><bdi>14,90&nbsp;<span class=\"woocommerce-Price-currencySymbol\" translate=\"no\">&euro;<\/span><\/bdi><\/span><\/span>\n<\/div>\t\t<\/div>\n\t<\/div>\n\t\t\t\t<input type=\"hidden\" class=\"pmwProductId\" data-id=\"73360\">\n\t\t\t\t\t<script>\n\t\t\t(window.pmwDataLayer = window.pmwDataLayer || {}).products                = window.pmwDataLayer.products || {};\n\t\t\twindow.pmwDataLayer.products[73360] = {\"id\":\"73360\",\"sku\":\"PDL2FC\",\"price\":14.9,\"brand\":\"\",\"quantity\":1,\"dyn_r_ids\":{\"post_id\":\"73360\",\"sku\":\"PDL2FC\",\"gpf\":\"woocommerce_gpf_73360\",\"gla\":\"gla_73360\"},\"is_variable\":false,\"type\":\"simple\",\"name\":\"Parfum pour Tissus Mathilde M. - Fleur de Coton 75 ml\",\"category\":[\"Parfums pour tissus\"],\"is_variation\":false};\n\t\t\t\t\twindow.pmw_product_position = window.pmw_product_position || 1;\n\t\twindow.pmwDataLayer.products[73360]['position'] = window.pmw_product_position++;\n\t\t\t\t<\/script>\n\t\t\t<\/div>\n<\/div><\/div>\n\n<div class=\"text-center\"><div class=\"is-divider divider clearfix\" ><\/div><\/div>\n\n\n\t\t<\/div>\n\t\t\t\t\t<\/div>\n\n\t\n\n<\/div>\n<div class=\"row\"  id=\"row-1397118005\">\n\n\n\t<div id=\"col-1253176833\" class=\"col medium-6 small-12 large-6\"  >\n\t\t\t\t<div class=\"col-inner\"  >\n\t\t\t\n\t\t\t\n\n\t<div id=\"gap-254994462\" class=\"gap-element clearfix hide-for-medium\" style=\"display:block; height:auto;\">\n\t\t\n<style>\n#gap-254994462 {\n  padding-top: 112px;\n}\n<\/style>\n\t<\/div>\n\t\n\n\n\t\t<div class=\"icon-box featured-box icon-box-center text-center\"  >\n\t\t\t\t\t<div class=\"icon-box-img\" style=\"width: 100px\">\n\t\t\t\t<div class=\"icon\">\n\t\t\t\t\t<div class=\"icon-inner\" >\n\t\t\t\t\t\t<img loading=\"lazy\" decoding=\"async\" width=\"100\" height=\"100\" src=\"https:\/\/www.tendenzeshabbychic.it\/wp-content\/uploads\/2021\/05\/Antoinette.png\" class=\"attachment-medium size-medium\" alt=\"\" srcset=\"https:\/\/www.tendenzeshabbychic.it\/wp-content\/uploads\/2021\/05\/Antoinette.png 100w, https:\/\/www.tendenzeshabbychic.it\/wp-content\/uploads\/2021\/05\/Antoinette-64x64.png 64w\" sizes=\"auto, (max-width: 100px) 100vw, 100px\" \/>\t\t\t\t\t<\/div>\n\t\t\t\t<\/div>\n\t\t\t<\/div>\n\t\t\t\t<div class=\"icon-box-text last-reset\">\n\t\t\t<h5 class=\"uppercase\">antoinette<\/h5>\t\t\t\t\t\t\n\n<p style=\"text-align: left;\">La rencontre d&rsquo;un miel sucr\u00e9 et d&rsquo;un bouquet de fleurs blanches &#8230; D\u00e9licatesse florale.<\/p>\n\n\t\t<\/div>\n\t<\/div>\n\t\n\t\n\n\t\t<\/div>\n\t\t\t\t\t<\/div>\n\n\t\n\n\t<div id=\"col-2120705675\" class=\"col medium-6 small-12 large-6\"  >\n\t\t\t\t<div class=\"col-inner\"  >\n\t\t\t\n\t\t\t\n\n\t<div class=\"img has-hover x md-x lg-x y md-y lg-y\" id=\"image_1640054685\">\n\t\t\t\t\t\t\t\t<div class=\"img-inner dark\" >\n\t\t\t<img loading=\"lazy\" decoding=\"async\" width=\"656\" height=\"800\" src=\"https:\/\/www.tendenzeshabbychic.it\/wp-content\/uploads\/2021\/05\/Antoinette-piramide-olfattiva-656x800.png\" class=\"attachment-large size-large\" alt=\"\" srcset=\"https:\/\/www.tendenzeshabbychic.it\/wp-content\/uploads\/2021\/05\/Antoinette-piramide-olfattiva-656x800.png 656w, https:\/\/www.tendenzeshabbychic.it\/wp-content\/uploads\/2021\/05\/Antoinette-piramide-olfattiva-64x78.png 64w, https:\/\/www.tendenzeshabbychic.it\/wp-content\/uploads\/2021\/05\/Antoinette-piramide-olfattiva-500x610.png 500w, https:\/\/www.tendenzeshabbychic.it\/wp-content\/uploads\/2021\/05\/Antoinette-piramide-olfattiva-328x400.png 328w, https:\/\/www.tendenzeshabbychic.it\/wp-content\/uploads\/2021\/05\/Antoinette-piramide-olfattiva-510x622.png 510w, https:\/\/www.tendenzeshabbychic.it\/wp-content\/uploads\/2021\/05\/Antoinette-piramide-olfattiva.png 767w\" sizes=\"auto, (max-width: 656px) 100vw, 656px\" \/>\t\t\t\t\t\t\n\t\t\t\t\t<\/div>\n\t\t\t\t\t\t\t\t\n<style>\n#image_1640054685 {\n  width: 100%;\n}\n<\/style>\n\t<\/div>\n\t\n\n\n\t\t<\/div>\n\t\t\t\t\t<\/div>\n\n\t\n\n\t<div id=\"col-1330908295\" class=\"col small-12 large-12\"  >\n\t\t\t\t<div class=\"col-inner\"  >\n\t\t\t\n\t\t\t\n\n\t\n  \n    <div class=\"row large-columns-4 medium-columns-3 small-columns-2 row-small has-shadow row-box-shadow-1 slider row-slider slider-nav-reveal slider-nav-push\"  data-flickity-options='{&quot;imagesLoaded&quot;: true, &quot;groupCells&quot;: &quot;100%&quot;, &quot;dragThreshold&quot; : 5, &quot;cellAlign&quot;: &quot;left&quot;,&quot;wrapAround&quot;: true,&quot;prevNextButtons&quot;: true,&quot;percentPosition&quot;: true,&quot;pageDots&quot;: false, &quot;rightToLeft&quot;: false, &quot;autoPlay&quot; : false}' >\n\n  \n\t     <div class=\"product-small col has-hover product type-product post-113609 status-publish last instock product_cat-rideaux product_tag-chambre product_tag-lin product_tag-salle-a-manger has-post-thumbnail taxable shipping-taxable purchasable product-type-simple\">\n\t<div class=\"col-inner\">\n\t\n<div class=\"badge-container absolute left top z-1\">\n\n<\/div>\n\t<div class=\"product-small box \">\n\t\t<div class=\"box-image\">\n\t\t\t<div class=\"image-fade_in_back\">\n\t\t\t\t<a href=\"https:\/\/www.tendenzeshabbychic.it\/fr\/produit\/rideau-boudoir-mathilde-m-beige-et-ecru\/\">\n\t\t\t\t\t<img loading=\"lazy\" decoding=\"async\" width=\"500\" height=\"500\" src=\"https:\/\/www.tendenzeshabbychic.it\/wp-content\/uploads\/2021\/05\/voilage-boudoir-beige-et-ecru-500x500.jpg\" class=\"attachment-woocommerce_thumbnail size-woocommerce_thumbnail\" alt=\"Rideaux Boudoir Mathilde M. Beige et Ecru 140x300\" srcset=\"https:\/\/www.tendenzeshabbychic.it\/wp-content\/uploads\/2021\/05\/voilage-boudoir-beige-et-ecru-500x500.jpg 500w, https:\/\/www.tendenzeshabbychic.it\/wp-content\/uploads\/2021\/05\/voilage-boudoir-beige-et-ecru-100x100.jpg 100w, https:\/\/www.tendenzeshabbychic.it\/wp-content\/uploads\/2021\/05\/voilage-boudoir-beige-et-ecru-280x280.jpg 280w, https:\/\/www.tendenzeshabbychic.it\/wp-content\/uploads\/2021\/05\/voilage-boudoir-beige-et-ecru-247x247.jpg 247w\" sizes=\"auto, (max-width: 500px) 100vw, 500px\" \/><img loading=\"lazy\" decoding=\"async\" width=\"500\" height=\"500\" src=\"https:\/\/www.tendenzeshabbychic.it\/wp-content\/uploads\/2021\/05\/voilage-boudoir-beige-et-ecru-1-500x500.jpg\" class=\"show-on-hover absolute fill hide-for-small back-image\" alt=\"Alternative view of Rideaux Boudoir Mathilde M. Beige et Ecru 140x300\" aria-hidden=\"true\" srcset=\"https:\/\/www.tendenzeshabbychic.it\/wp-content\/uploads\/2021\/05\/voilage-boudoir-beige-et-ecru-1-500x500.jpg 500w, https:\/\/www.tendenzeshabbychic.it\/wp-content\/uploads\/2021\/05\/voilage-boudoir-beige-et-ecru-1-100x100.jpg 100w, https:\/\/www.tendenzeshabbychic.it\/wp-content\/uploads\/2021\/05\/voilage-boudoir-beige-et-ecru-1-280x280.jpg 280w, https:\/\/www.tendenzeshabbychic.it\/wp-content\/uploads\/2021\/05\/voilage-boudoir-beige-et-ecru-1-247x247.jpg 247w\" sizes=\"auto, (max-width: 500px) 100vw, 500px\" \/>\t\t\t\t<\/a>\n\t\t\t<\/div>\n\t\t\t<div class=\"image-tools is-small top right show-on-hover\">\n\t\t\t\t\t\t\t<\/div>\n\t\t\t<div class=\"image-tools is-small hide-for-small bottom left show-on-hover\">\n\t\t\t\t\t\t\t<\/div>\n\t\t\t<div class=\"image-tools grid-tools text-center hide-for-small bottom hover-slide-in show-on-hover\">\n\t\t\t\t\t\t\t<\/div>\n\t\t\t\t\t<\/div>\n\n\t\t<div class=\"box-text box-text-products\">\n\t\t\t<div class=\"title-wrapper\"><p class=\"name product-title woocommerce-loop-product__title\"><a href=\"https:\/\/www.tendenzeshabbychic.it\/fr\/produit\/rideau-boudoir-mathilde-m-beige-et-ecru\/\" class=\"woocommerce-LoopProduct-link woocommerce-loop-product__link\">Rideaux Boudoir Mathilde M. Beige et Ecru 140&#215;300<\/a><\/p><\/div><div class=\"price-wrapper\"><div class=\"star-rating star-rating--inline\" role=\"img\" aria-label=\"Note 5 sur 5\"><span style=\"width:100%\">Note <strong class=\"rating\">5<\/strong> sur 5<\/span><\/div>\n\t<span class=\"price\"><span class=\"woocommerce-Price-amount amount\"><bdi>169,00&nbsp;<span class=\"woocommerce-Price-currencySymbol\" translate=\"no\">&euro;<\/span><\/bdi><\/span><\/span>\n<\/div>\t\t<\/div>\n\t<\/div>\n\t\t\t\t<input type=\"hidden\" class=\"pmwProductId\" data-id=\"113609\">\n\t\t\t\t\t<script>\n\t\t\t(window.pmwDataLayer = window.pmwDataLayer || {}).products                = window.pmwDataLayer.products || {};\n\t\t\twindow.pmwDataLayer.products[113609] = {\"id\":\"113609\",\"sku\":\"MLLMRVRI0004\",\"price\":169,\"brand\":\"\",\"quantity\":1,\"dyn_r_ids\":{\"post_id\":\"113609\",\"sku\":\"MLLMRVRI0004\",\"gpf\":\"woocommerce_gpf_113609\",\"gla\":\"gla_113609\"},\"is_variable\":false,\"type\":\"simple\",\"name\":\"Rideaux Boudoir Mathilde M. Beige et Ecru 140x300\",\"category\":[\"Rideaux\"],\"is_variation\":false};\n\t\t\t\t\twindow.pmw_product_position = window.pmw_product_position || 1;\n\t\twindow.pmwDataLayer.products[113609]['position'] = window.pmw_product_position++;\n\t\t\t\t<\/script>\n\t\t\t<\/div>\n<\/div><\/div>\n\n<div class=\"text-center\"><div class=\"is-divider divider clearfix\" ><\/div><\/div>\n\n\n\t\t<\/div>\n\t\t\t\t\t<\/div>\n\n\t\n\n<\/div>\n<div class=\"row\"  id=\"row-371298835\">\n\n\n\t<div id=\"col-731361068\" class=\"col medium-6 small-12 large-6\"  >\n\t\t\t\t<div class=\"col-inner\"  >\n\t\t\t\n\t\t\t\n\n\t<div id=\"gap-1357205862\" class=\"gap-element clearfix hide-for-medium\" style=\"display:block; height:auto;\">\n\t\t\n<style>\n#gap-1357205862 {\n  padding-top: 112px;\n}\n<\/style>\n\t<\/div>\n\t\n\n\n\t\t<div class=\"icon-box featured-box icon-box-center text-center\"  >\n\t\t\t\t\t<div class=\"icon-box-img\" style=\"width: 100px\">\n\t\t\t\t<div class=\"icon\">\n\t\t\t\t\t<div class=\"icon-inner\" >\n\t\t\t\t\t\t<img loading=\"lazy\" decoding=\"async\" width=\"100\" height=\"100\" src=\"https:\/\/www.tendenzeshabbychic.it\/wp-content\/uploads\/2021\/05\/Rose-Elixir.png\" class=\"attachment-medium size-medium\" alt=\"\" srcset=\"https:\/\/www.tendenzeshabbychic.it\/wp-content\/uploads\/2021\/05\/Rose-Elixir.png 100w, https:\/\/www.tendenzeshabbychic.it\/wp-content\/uploads\/2021\/05\/Rose-Elixir-64x64.png 64w\" sizes=\"auto, (max-width: 100px) 100vw, 100px\" \/>\t\t\t\t\t<\/div>\n\t\t\t\t<\/div>\n\t\t\t<\/div>\n\t\t\t\t<div class=\"icon-box-text last-reset\">\n\t\t\t<h5 class=\"uppercase\">ROSE \u00c9LIXIR<\/h5>\t\t\t\t\t\t\n\n<p>Un parfum voluptueux et envo\u00fbtant, un mariage de la rose, reine des fleurs et de notes poudr\u00e9es de violette, sur un lit de muscs blancs.<\/p>\n\n\t\t<\/div>\n\t<\/div>\n\t\n\t\n\n\t\t<\/div>\n\t\t\t\t\t<\/div>\n\n\t\n\n\t<div id=\"col-124134243\" class=\"col medium-6 small-12 large-6\"  >\n\t\t\t\t<div class=\"col-inner\"  >\n\t\t\t\n\t\t\t\n\n\t<div class=\"img has-hover x md-x lg-x y md-y lg-y\" id=\"image_1059748630\">\n\t\t\t\t\t\t\t\t<div class=\"img-inner dark\" >\n\t\t\t<img loading=\"lazy\" decoding=\"async\" width=\"656\" height=\"800\" src=\"https:\/\/www.tendenzeshabbychic.it\/wp-content\/uploads\/2021\/05\/Rose-Elixir-piramide-olfattiva-656x800.png\" class=\"attachment-large size-large\" alt=\"\" srcset=\"https:\/\/www.tendenzeshabbychic.it\/wp-content\/uploads\/2021\/05\/Rose-Elixir-piramide-olfattiva-656x800.png 656w, https:\/\/www.tendenzeshabbychic.it\/wp-content\/uploads\/2021\/05\/Rose-Elixir-piramide-olfattiva-64x78.png 64w, https:\/\/www.tendenzeshabbychic.it\/wp-content\/uploads\/2021\/05\/Rose-Elixir-piramide-olfattiva-500x610.png 500w, https:\/\/www.tendenzeshabbychic.it\/wp-content\/uploads\/2021\/05\/Rose-Elixir-piramide-olfattiva-328x400.png 328w, https:\/\/www.tendenzeshabbychic.it\/wp-content\/uploads\/2021\/05\/Rose-Elixir-piramide-olfattiva-510x622.png 510w, https:\/\/www.tendenzeshabbychic.it\/wp-content\/uploads\/2021\/05\/Rose-Elixir-piramide-olfattiva.png 767w\" sizes=\"auto, (max-width: 656px) 100vw, 656px\" \/>\t\t\t\t\t\t\n\t\t\t\t\t<\/div>\n\t\t\t\t\t\t\t\t\n<style>\n#image_1059748630 {\n  width: 100%;\n}\n<\/style>\n\t<\/div>\n\t\n\n\n\t\t<\/div>\n\t\t\t\t\t<\/div>\n\n\t\n\n\t<div id=\"col-1883960067\" class=\"col small-12 large-12\"  >\n\t\t\t\t<div class=\"col-inner\"  >\n\t\t\t\n\t\t\t\n\n\t\n  \n    <div class=\"row large-columns-4 medium-columns-3 small-columns-2 row-small has-shadow row-box-shadow-1 slider row-slider slider-nav-reveal slider-nav-push\"  data-flickity-options='{&quot;imagesLoaded&quot;: true, &quot;groupCells&quot;: &quot;100%&quot;, &quot;dragThreshold&quot; : 5, &quot;cellAlign&quot;: &quot;left&quot;,&quot;wrapAround&quot;: true,&quot;prevNextButtons&quot;: true,&quot;percentPosition&quot;: true,&quot;pageDots&quot;: false, &quot;rightToLeft&quot;: false, &quot;autoPlay&quot; : false}' >\n\n  \n\t     <div class=\"product-small col has-hover product type-product post-251761 status-publish first instock product_cat-essences-concentrees product_cat-parfumeurs product_tag-rose-elixir-fr has-post-thumbnail taxable shipping-taxable purchasable product-type-simple\">\n\t<div class=\"col-inner\">\n\t\n<div class=\"badge-container absolute left top z-1\">\n\n<\/div>\n\t<div class=\"product-small box \">\n\t\t<div class=\"box-image\">\n\t\t\t<div class=\"image-fade_in_back\">\n\t\t\t\t<a href=\"https:\/\/www.tendenzeshabbychic.it\/fr\/produit\/surconcentre-de-parfum-rose-elixir-mathilde-m-10-ml\/\">\n\t\t\t\t\t<img loading=\"lazy\" decoding=\"async\" width=\"500\" height=\"500\" src=\"https:\/\/www.tendenzeshabbychic.it\/wp-content\/uploads\/2026\/07\/superconcentrato-di-profumo-ambiente-10-ml-rose-elixir-500x500.webp\" class=\"attachment-woocommerce_thumbnail size-woocommerce_thumbnail\" alt=\"Surconcentr\u00e9 de parfum Rose \u00c9lixir Mathilde M \u2013 10 ml\" srcset=\"https:\/\/www.tendenzeshabbychic.it\/wp-content\/uploads\/2026\/07\/superconcentrato-di-profumo-ambiente-10-ml-rose-elixir-500x500.webp 500w, https:\/\/www.tendenzeshabbychic.it\/wp-content\/uploads\/2026\/07\/superconcentrato-di-profumo-ambiente-10-ml-rose-elixir-400x400.webp 400w, https:\/\/www.tendenzeshabbychic.it\/wp-content\/uploads\/2026\/07\/superconcentrato-di-profumo-ambiente-10-ml-rose-elixir-800x800.webp 800w, https:\/\/www.tendenzeshabbychic.it\/wp-content\/uploads\/2026\/07\/superconcentrato-di-profumo-ambiente-10-ml-rose-elixir-280x280.webp 280w, https:\/\/www.tendenzeshabbychic.it\/wp-content\/uploads\/2026\/07\/superconcentrato-di-profumo-ambiente-10-ml-rose-elixir-768x768.webp 768w, https:\/\/www.tendenzeshabbychic.it\/wp-content\/uploads\/2026\/07\/superconcentrato-di-profumo-ambiente-10-ml-rose-elixir-100x100.webp 100w, https:\/\/www.tendenzeshabbychic.it\/wp-content\/uploads\/2026\/07\/superconcentrato-di-profumo-ambiente-10-ml-rose-elixir-64x64.webp 64w, https:\/\/www.tendenzeshabbychic.it\/wp-content\/uploads\/2026\/07\/superconcentrato-di-profumo-ambiente-10-ml-rose-elixir.webp 1000w\" sizes=\"auto, (max-width: 500px) 100vw, 500px\" \/><img loading=\"lazy\" decoding=\"async\" width=\"500\" height=\"500\" src=\"https:\/\/www.tendenzeshabbychic.it\/wp-content\/uploads\/2026\/07\/superconcentrato-di-profumo-ambiente-10-ml-rose-elixir-1-500x500.webp\" class=\"show-on-hover absolute fill hide-for-small back-image\" alt=\"Alternative view of Surconcentr\u00e9 de parfum Rose \u00c9lixir Mathilde M \u2013 10 ml\" aria-hidden=\"true\" srcset=\"https:\/\/www.tendenzeshabbychic.it\/wp-content\/uploads\/2026\/07\/superconcentrato-di-profumo-ambiente-10-ml-rose-elixir-1-500x500.webp 500w, https:\/\/www.tendenzeshabbychic.it\/wp-content\/uploads\/2026\/07\/superconcentrato-di-profumo-ambiente-10-ml-rose-elixir-1-400x400.webp 400w, https:\/\/www.tendenzeshabbychic.it\/wp-content\/uploads\/2026\/07\/superconcentrato-di-profumo-ambiente-10-ml-rose-elixir-1-800x800.webp 800w, https:\/\/www.tendenzeshabbychic.it\/wp-content\/uploads\/2026\/07\/superconcentrato-di-profumo-ambiente-10-ml-rose-elixir-1-280x280.webp 280w, https:\/\/www.tendenzeshabbychic.it\/wp-content\/uploads\/2026\/07\/superconcentrato-di-profumo-ambiente-10-ml-rose-elixir-1-768x768.webp 768w, https:\/\/www.tendenzeshabbychic.it\/wp-content\/uploads\/2026\/07\/superconcentrato-di-profumo-ambiente-10-ml-rose-elixir-1-100x100.webp 100w, https:\/\/www.tendenzeshabbychic.it\/wp-content\/uploads\/2026\/07\/superconcentrato-di-profumo-ambiente-10-ml-rose-elixir-1-64x64.webp 64w, https:\/\/www.tendenzeshabbychic.it\/wp-content\/uploads\/2026\/07\/superconcentrato-di-profumo-ambiente-10-ml-rose-elixir-1.webp 1000w\" sizes=\"auto, (max-width: 500px) 100vw, 500px\" \/>\t\t\t\t<\/a>\n\t\t\t<\/div>\n\t\t\t<div class=\"image-tools is-small top right show-on-hover\">\n\t\t\t\t\t\t\t<\/div>\n\t\t\t<div class=\"image-tools is-small hide-for-small bottom left show-on-hover\">\n\t\t\t\t\t\t\t<\/div>\n\t\t\t<div class=\"image-tools grid-tools text-center hide-for-small bottom hover-slide-in show-on-hover\">\n\t\t\t\t\t\t\t<\/div>\n\t\t\t\t\t<\/div>\n\n\t\t<div class=\"box-text box-text-products\">\n\t\t\t<div class=\"title-wrapper\"><p class=\"name product-title woocommerce-loop-product__title\"><a href=\"https:\/\/www.tendenzeshabbychic.it\/fr\/produit\/surconcentre-de-parfum-rose-elixir-mathilde-m-10-ml\/\" class=\"woocommerce-LoopProduct-link woocommerce-loop-product__link\">Surconcentr\u00e9 de parfum Rose \u00c9lixir Mathilde M \u2013 10 ml<\/a><\/p><\/div><div class=\"price-wrapper\">\n\t<span class=\"price\"><span class=\"woocommerce-Price-amount amount\"><bdi>9,90&nbsp;<span class=\"woocommerce-Price-currencySymbol\" translate=\"no\">&euro;<\/span><\/bdi><\/span><\/span>\n<\/div>\t\t<\/div>\n\t<\/div>\n\t\t\t\t<input type=\"hidden\" class=\"pmwProductId\" data-id=\"251761\">\n\t\t\t\t\t<script>\n\t\t\t(window.pmwDataLayer = window.pmwDataLayer || {}).products                = window.pmwDataLayer.products || {};\n\t\t\twindow.pmwDataLayer.products[251761] = {\"id\":\"251761\",\"sku\":\"STI2NROE\",\"price\":9.9,\"brand\":\"\",\"quantity\":1,\"dyn_r_ids\":{\"post_id\":\"251761\",\"sku\":\"STI2NROE\",\"gpf\":\"woocommerce_gpf_251761\",\"gla\":\"gla_251761\"},\"is_variable\":false,\"type\":\"simple\",\"name\":\"Surconcentr\u00e9 de parfum Rose \u00c9lixir Mathilde M \u2013 10 ml\",\"category\":[\"Essences concentr\u00e9es\",\"Parfumeurs\"],\"is_variation\":false};\n\t\t\t\t\twindow.pmw_product_position = window.pmw_product_position || 1;\n\t\twindow.pmwDataLayer.products[251761]['position'] = window.pmw_product_position++;\n\t\t\t\t<\/script>\n\t\t\t<\/div>\n<\/div><div class=\"product-small col has-hover product type-product post-73363 status-publish instock product_cat-parfums-pour-tissus product_tag-idee-de-cadeau product_tag-rose-elixir-fr has-post-thumbnail taxable shipping-taxable purchasable product-type-simple\">\n\t<div class=\"col-inner\">\n\t\n<div class=\"badge-container absolute left top z-1\">\n\n<\/div>\n\t<div class=\"product-small box \">\n\t\t<div class=\"box-image\">\n\t\t\t<div class=\"image-fade_in_back\">\n\t\t\t\t<a href=\"https:\/\/www.tendenzeshabbychic.it\/fr\/produit\/tissu-parfum-mathilde-m-rose-elixir-75-ml\/\">\n\t\t\t\t\t<img loading=\"lazy\" decoding=\"async\" width=\"500\" height=\"500\" src=\"https:\/\/www.tendenzeshabbychic.it\/wp-content\/uploads\/2021\/05\/spray-per-tessuti-rose-elixir-500x500.jpg\" class=\"attachment-woocommerce_thumbnail size-woocommerce_thumbnail\" alt=\"Parfum pour Tissus Mathilde M. - Rose \u00c9lixir 75 ml\" srcset=\"https:\/\/www.tendenzeshabbychic.it\/wp-content\/uploads\/2021\/05\/spray-per-tessuti-rose-elixir-500x500.jpg 500w, https:\/\/www.tendenzeshabbychic.it\/wp-content\/uploads\/2021\/05\/spray-per-tessuti-rose-elixir-100x100.jpg 100w, https:\/\/www.tendenzeshabbychic.it\/wp-content\/uploads\/2021\/05\/spray-per-tessuti-rose-elixir-64x64.jpg 64w, https:\/\/www.tendenzeshabbychic.it\/wp-content\/uploads\/2021\/05\/spray-per-tessuti-rose-elixir-400x400.jpg 400w, https:\/\/www.tendenzeshabbychic.it\/wp-content\/uploads\/2021\/05\/spray-per-tessuti-rose-elixir-800x800.jpg 800w, https:\/\/www.tendenzeshabbychic.it\/wp-content\/uploads\/2021\/05\/spray-per-tessuti-rose-elixir-280x280.jpg 280w, https:\/\/www.tendenzeshabbychic.it\/wp-content\/uploads\/2021\/05\/spray-per-tessuti-rose-elixir-768x768.jpg 768w, https:\/\/www.tendenzeshabbychic.it\/wp-content\/uploads\/2021\/05\/spray-per-tessuti-rose-elixir.jpg 1000w\" sizes=\"auto, (max-width: 500px) 100vw, 500px\" \/>\t\t\t\t<\/a>\n\t\t\t<\/div>\n\t\t\t<div class=\"image-tools is-small top right show-on-hover\">\n\t\t\t\t\t\t\t<\/div>\n\t\t\t<div class=\"image-tools is-small hide-for-small bottom left show-on-hover\">\n\t\t\t\t\t\t\t<\/div>\n\t\t\t<div class=\"image-tools grid-tools text-center hide-for-small bottom hover-slide-in show-on-hover\">\n\t\t\t\t\t\t\t<\/div>\n\t\t\t\t\t<\/div>\n\n\t\t<div class=\"box-text box-text-products\">\n\t\t\t<div class=\"title-wrapper\"><p class=\"name product-title woocommerce-loop-product__title\"><a href=\"https:\/\/www.tendenzeshabbychic.it\/fr\/produit\/tissu-parfum-mathilde-m-rose-elixir-75-ml\/\" class=\"woocommerce-LoopProduct-link woocommerce-loop-product__link\">Parfum pour Tissus Mathilde M. &#8211; Rose \u00c9lixir 75 ml<\/a><\/p><\/div><div class=\"price-wrapper\">\n\t<span class=\"price\"><span class=\"woocommerce-Price-amount amount\"><bdi>14,90&nbsp;<span class=\"woocommerce-Price-currencySymbol\" translate=\"no\">&euro;<\/span><\/bdi><\/span><\/span>\n<\/div>\t\t<\/div>\n\t<\/div>\n\t\t\t\t<input type=\"hidden\" class=\"pmwProductId\" data-id=\"73363\">\n\t\t\t\t\t<script>\n\t\t\t(window.pmwDataLayer = window.pmwDataLayer || {}).products                = window.pmwDataLayer.products || {};\n\t\t\twindow.pmwDataLayer.products[73363] = {\"id\":\"73363\",\"sku\":\"PDL2ROE\",\"price\":14.9,\"brand\":\"\",\"quantity\":1,\"dyn_r_ids\":{\"post_id\":\"73363\",\"sku\":\"PDL2ROE\",\"gpf\":\"woocommerce_gpf_73363\",\"gla\":\"gla_73363\"},\"is_variable\":false,\"type\":\"simple\",\"name\":\"Parfum pour Tissus Mathilde M. - Rose \u00c9lixir 75 ml\",\"category\":[\"Parfums pour tissus\"],\"is_variation\":false};\n\t\t\t\t\twindow.pmw_product_position = window.pmw_product_position || 1;\n\t\twindow.pmwDataLayer.products[73363]['position'] = window.pmw_product_position++;\n\t\t\t\t<\/script>\n\t\t\t<\/div>\n<\/div><div class=\"product-small col has-hover product type-product post-197208 status-publish instock product_cat-savons product_cat-parfumeurs product_tag-idee-de-cadeau product_tag-rose-elixir-fr has-post-thumbnail taxable shipping-taxable purchasable product-type-simple\">\n\t<div class=\"col-inner\">\n\t\n<div class=\"badge-container absolute left top z-1\">\n\n<\/div>\n\t<div class=\"product-small box \">\n\t\t<div class=\"box-image\">\n\t\t\t<div class=\"image-fade_in_back\">\n\t\t\t\t<a href=\"https:\/\/www.tendenzeshabbychic.it\/fr\/produit\/mathilde-m-rose-elixir-savon-parfume-100g\/\">\n\t\t\t\t\t<img loading=\"lazy\" decoding=\"async\" width=\"500\" height=\"500\" src=\"https:\/\/www.tendenzeshabbychic.it\/wp-content\/uploads\/2025\/07\/S100CEROE3-500x500.jpg\" class=\"attachment-woocommerce_thumbnail size-woocommerce_thumbnail\" alt=\"Mathilde M. Rose Elixir savon parfum\u00e9 100g\" srcset=\"https:\/\/www.tendenzeshabbychic.it\/wp-content\/uploads\/2025\/07\/S100CEROE3-500x500.jpg 500w, https:\/\/www.tendenzeshabbychic.it\/wp-content\/uploads\/2025\/07\/S100CEROE3-400x400.jpg 400w, https:\/\/www.tendenzeshabbychic.it\/wp-content\/uploads\/2025\/07\/S100CEROE3-800x800.jpg 800w, https:\/\/www.tendenzeshabbychic.it\/wp-content\/uploads\/2025\/07\/S100CEROE3-280x280.jpg 280w, https:\/\/www.tendenzeshabbychic.it\/wp-content\/uploads\/2025\/07\/S100CEROE3-768x768.jpg 768w, https:\/\/www.tendenzeshabbychic.it\/wp-content\/uploads\/2025\/07\/S100CEROE3-100x100.jpg 100w, https:\/\/www.tendenzeshabbychic.it\/wp-content\/uploads\/2025\/07\/S100CEROE3-64x64.jpg 64w, https:\/\/www.tendenzeshabbychic.it\/wp-content\/uploads\/2025\/07\/S100CEROE3.jpg 1000w\" sizes=\"auto, (max-width: 500px) 100vw, 500px\" \/><img loading=\"lazy\" decoding=\"async\" width=\"500\" height=\"500\" src=\"https:\/\/www.tendenzeshabbychic.it\/wp-content\/uploads\/2025\/07\/S100CEROE3-1-500x500.jpg\" class=\"show-on-hover absolute fill hide-for-small back-image\" alt=\"Alternative view of Mathilde M. Rose Elixir savon parfum\u00e9 100g\" aria-hidden=\"true\" srcset=\"https:\/\/www.tendenzeshabbychic.it\/wp-content\/uploads\/2025\/07\/S100CEROE3-1-500x500.jpg 500w, https:\/\/www.tendenzeshabbychic.it\/wp-content\/uploads\/2025\/07\/S100CEROE3-1-400x400.jpg 400w, https:\/\/www.tendenzeshabbychic.it\/wp-content\/uploads\/2025\/07\/S100CEROE3-1-800x800.jpg 800w, https:\/\/www.tendenzeshabbychic.it\/wp-content\/uploads\/2025\/07\/S100CEROE3-1-280x280.jpg 280w, https:\/\/www.tendenzeshabbychic.it\/wp-content\/uploads\/2025\/07\/S100CEROE3-1-768x768.jpg 768w, https:\/\/www.tendenzeshabbychic.it\/wp-content\/uploads\/2025\/07\/S100CEROE3-1-100x100.jpg 100w, https:\/\/www.tendenzeshabbychic.it\/wp-content\/uploads\/2025\/07\/S100CEROE3-1-64x64.jpg 64w, https:\/\/www.tendenzeshabbychic.it\/wp-content\/uploads\/2025\/07\/S100CEROE3-1.jpg 1000w\" sizes=\"auto, (max-width: 500px) 100vw, 500px\" \/>\t\t\t\t<\/a>\n\t\t\t<\/div>\n\t\t\t<div class=\"image-tools is-small top right show-on-hover\">\n\t\t\t\t\t\t\t<\/div>\n\t\t\t<div class=\"image-tools is-small hide-for-small bottom left show-on-hover\">\n\t\t\t\t\t\t\t<\/div>\n\t\t\t<div class=\"image-tools grid-tools text-center hide-for-small bottom hover-slide-in show-on-hover\">\n\t\t\t\t\t\t\t<\/div>\n\t\t\t\t\t<\/div>\n\n\t\t<div class=\"box-text box-text-products\">\n\t\t\t<div class=\"title-wrapper\"><p class=\"name product-title woocommerce-loop-product__title\"><a href=\"https:\/\/www.tendenzeshabbychic.it\/fr\/produit\/mathilde-m-rose-elixir-savon-parfume-100g\/\" class=\"woocommerce-LoopProduct-link woocommerce-loop-product__link\">Mathilde M. Rose Elixir savon parfum\u00e9 100g<\/a><\/p><\/div><div class=\"price-wrapper\">\n\t<span class=\"price\"><span class=\"woocommerce-Price-amount amount\"><bdi>7,50&nbsp;<span class=\"woocommerce-Price-currencySymbol\" translate=\"no\">&euro;<\/span><\/bdi><\/span><\/span>\n<\/div>\t\t<\/div>\n\t<\/div>\n\t\t\t\t<input type=\"hidden\" class=\"pmwProductId\" data-id=\"197208\">\n\t\t\t\t\t<script>\n\t\t\t(window.pmwDataLayer = window.pmwDataLayer || {}).products                = window.pmwDataLayer.products || {};\n\t\t\twindow.pmwDataLayer.products[197208] = {\"id\":\"197208\",\"sku\":\"S100CEROE3\",\"price\":7.5,\"brand\":\"\",\"quantity\":1,\"dyn_r_ids\":{\"post_id\":\"197208\",\"sku\":\"S100CEROE3\",\"gpf\":\"woocommerce_gpf_197208\",\"gla\":\"gla_197208\"},\"is_variable\":false,\"type\":\"simple\",\"name\":\"Mathilde M. Rose Elixir savon parfum\u00e9 100g\",\"category\":[\"Savons\",\"Parfumeurs\"],\"is_variation\":false};\n\t\t\t\t\twindow.pmw_product_position = window.pmw_product_position || 1;\n\t\twindow.pmwDataLayer.products[197208]['position'] = window.pmw_product_position++;\n\t\t\t\t<\/script>\n\t\t\t<\/div>\n<\/div><div class=\"product-small col has-hover product type-product post-152878 status-publish last instock product_cat-bougies-parfumees product_cat-bougies product_cat-parfumeurs product_tag-rose-elixir-es has-post-thumbnail taxable shipping-taxable purchasable product-type-simple\">\n\t<div class=\"col-inner\">\n\t\n<div class=\"badge-container absolute left top z-1\">\n\n<div class=\"badge callout badge-square\"><div class=\"badge-inner callout-new-bg is-small new-bubble\">CHARIT\u00c9<\/div><\/div><\/div>\n\t<div class=\"product-small box \">\n\t\t<div class=\"box-image\">\n\t\t\t<div class=\"image-fade_in_back\">\n\t\t\t\t<a href=\"https:\/\/www.tendenzeshabbychic.it\/fr\/produit\/bougie-parfumee-elixir-de-rose-mathilde-m-100-beneficenza\/\">\n\t\t\t\t\t<img loading=\"lazy\" decoding=\"async\" width=\"500\" height=\"500\" src=\"https:\/\/www.tendenzeshabbychic.it\/wp-content\/uploads\/2024\/08\/CANDELA-BENEFICENZA-ROSE-ELIXIR-500x500.jpg\" class=\"attachment-woocommerce_thumbnail size-woocommerce_thumbnail\" alt=\"Bougie parfum\u00e9e \u00c9lixir de Rose Mathilde M.  [100% BENEFICENZA]\" srcset=\"https:\/\/www.tendenzeshabbychic.it\/wp-content\/uploads\/2024\/08\/CANDELA-BENEFICENZA-ROSE-ELIXIR-500x500.jpg 500w, https:\/\/www.tendenzeshabbychic.it\/wp-content\/uploads\/2024\/08\/CANDELA-BENEFICENZA-ROSE-ELIXIR-100x100.jpg 100w, https:\/\/www.tendenzeshabbychic.it\/wp-content\/uploads\/2024\/08\/CANDELA-BENEFICENZA-ROSE-ELIXIR-64x64.jpg 64w, https:\/\/www.tendenzeshabbychic.it\/wp-content\/uploads\/2024\/08\/CANDELA-BENEFICENZA-ROSE-ELIXIR-400x400.jpg 400w, https:\/\/www.tendenzeshabbychic.it\/wp-content\/uploads\/2024\/08\/CANDELA-BENEFICENZA-ROSE-ELIXIR-800x800.jpg 800w, https:\/\/www.tendenzeshabbychic.it\/wp-content\/uploads\/2024\/08\/CANDELA-BENEFICENZA-ROSE-ELIXIR-280x280.jpg 280w, https:\/\/www.tendenzeshabbychic.it\/wp-content\/uploads\/2024\/08\/CANDELA-BENEFICENZA-ROSE-ELIXIR-768x768.jpg 768w, https:\/\/www.tendenzeshabbychic.it\/wp-content\/uploads\/2024\/08\/CANDELA-BENEFICENZA-ROSE-ELIXIR.jpg 1000w\" sizes=\"auto, (max-width: 500px) 100vw, 500px\" \/><img loading=\"lazy\" decoding=\"async\" width=\"500\" height=\"500\" src=\"https:\/\/www.tendenzeshabbychic.it\/wp-content\/uploads\/2024\/08\/CANDELA-BENEFICENZA-ROSE-ELIXIR-2-500x500.jpg\" class=\"show-on-hover absolute fill hide-for-small back-image\" alt=\"Alternative view of Bougie parfum\u00e9e \u00c9lixir de Rose Mathilde M.  [100% BENEFICENZA]\" aria-hidden=\"true\" srcset=\"https:\/\/www.tendenzeshabbychic.it\/wp-content\/uploads\/2024\/08\/CANDELA-BENEFICENZA-ROSE-ELIXIR-2-500x500.jpg 500w, https:\/\/www.tendenzeshabbychic.it\/wp-content\/uploads\/2024\/08\/CANDELA-BENEFICENZA-ROSE-ELIXIR-2-100x100.jpg 100w, https:\/\/www.tendenzeshabbychic.it\/wp-content\/uploads\/2024\/08\/CANDELA-BENEFICENZA-ROSE-ELIXIR-2-64x64.jpg 64w, https:\/\/www.tendenzeshabbychic.it\/wp-content\/uploads\/2024\/08\/CANDELA-BENEFICENZA-ROSE-ELIXIR-2-400x400.jpg 400w, https:\/\/www.tendenzeshabbychic.it\/wp-content\/uploads\/2024\/08\/CANDELA-BENEFICENZA-ROSE-ELIXIR-2-800x800.jpg 800w, https:\/\/www.tendenzeshabbychic.it\/wp-content\/uploads\/2024\/08\/CANDELA-BENEFICENZA-ROSE-ELIXIR-2-280x280.jpg 280w, https:\/\/www.tendenzeshabbychic.it\/wp-content\/uploads\/2024\/08\/CANDELA-BENEFICENZA-ROSE-ELIXIR-2-768x768.jpg 768w, https:\/\/www.tendenzeshabbychic.it\/wp-content\/uploads\/2024\/08\/CANDELA-BENEFICENZA-ROSE-ELIXIR-2.jpg 1000w\" sizes=\"auto, (max-width: 500px) 100vw, 500px\" \/>\t\t\t\t<\/a>\n\t\t\t<\/div>\n\t\t\t<div class=\"image-tools is-small top right show-on-hover\">\n\t\t\t\t\t\t\t<\/div>\n\t\t\t<div class=\"image-tools is-small hide-for-small bottom left show-on-hover\">\n\t\t\t\t\t\t\t<\/div>\n\t\t\t<div class=\"image-tools grid-tools text-center hide-for-small bottom hover-slide-in show-on-hover\">\n\t\t\t\t\t\t\t<\/div>\n\t\t\t\t\t<\/div>\n\n\t\t<div class=\"box-text box-text-products\">\n\t\t\t<div class=\"title-wrapper\"><p class=\"name product-title woocommerce-loop-product__title\"><a href=\"https:\/\/www.tendenzeshabbychic.it\/fr\/produit\/bougie-parfumee-elixir-de-rose-mathilde-m-100-beneficenza\/\" class=\"woocommerce-LoopProduct-link woocommerce-loop-product__link\">Bougie parfum\u00e9e \u00c9lixir de Rose Mathilde M.  [100% BENEFICENZA]<\/a><\/p><\/div><div class=\"price-wrapper\">\n\t<span class=\"price\"><span class=\"woocommerce-Price-amount amount\"><bdi>8,90&nbsp;<span class=\"woocommerce-Price-currencySymbol\" translate=\"no\">&euro;<\/span><\/bdi><\/span><\/span>\n<\/div>\t\t<\/div>\n\t<\/div>\n\t\t\t\t<input type=\"hidden\" class=\"pmwProductId\" data-id=\"152878\">\n\t\t\t\t\t<script>\n\t\t\t(window.pmwDataLayer = window.pmwDataLayer || {}).products                = window.pmwDataLayer.products || {};\n\t\t\twindow.pmwDataLayer.products[152878] = {\"id\":\"152878\",\"sku\":\"PRBGOCTROE\",\"price\":8.9,\"brand\":\"\",\"quantity\":1,\"dyn_r_ids\":{\"post_id\":\"152878\",\"sku\":\"PRBGOCTROE\",\"gpf\":\"woocommerce_gpf_152878\",\"gla\":\"gla_152878\"},\"is_variable\":false,\"type\":\"simple\",\"name\":\"Bougie parfum\u00e9e \u00c9lixir de Rose Mathilde M.  [100% BENEFICENZA]\",\"category\":[\"Bougies parfum\u00e9es\",\"Bougies\",\"Parfumeurs\"],\"is_variation\":false};\n\t\t\t\t\twindow.pmw_product_position = window.pmw_product_position || 1;\n\t\twindow.pmwDataLayer.products[152878]['position'] = window.pmw_product_position++;\n\t\t\t\t<\/script>\n\t\t\t<\/div>\n<\/div><\/div>\n\n<div class=\"text-center\"><div class=\"is-divider divider clearfix\" ><\/div><\/div>\n\n\n\t\t<\/div>\n\t\t\t\t\t<\/div>\n\n\t\n\n<\/div>\n<div class=\"row\"  id=\"row-138902534\">\n\n\n\t<div id=\"col-1180501196\" class=\"col medium-6 small-12 large-6\"  >\n\t\t\t\t<div class=\"col-inner\"  >\n\t\t\t\n\t\t\t\n\n\t<div id=\"gap-16403030\" class=\"gap-element clearfix hide-for-medium\" style=\"display:block; height:auto;\">\n\t\t\n<style>\n#gap-16403030 {\n  padding-top: 112px;\n}\n<\/style>\n\t<\/div>\n\t\n\n\n\t\t<div class=\"icon-box featured-box icon-box-center text-center\"  >\n\t\t\t\t\t<div class=\"icon-box-img\" style=\"width: 100px\">\n\t\t\t\t<div class=\"icon\">\n\t\t\t\t\t<div class=\"icon-inner\" >\n\t\t\t\t\t\t<img loading=\"lazy\" decoding=\"async\" width=\"100\" height=\"100\" src=\"https:\/\/www.tendenzeshabbychic.it\/wp-content\/uploads\/2021\/05\/Astree.png\" class=\"attachment-medium size-medium\" alt=\"\" srcset=\"https:\/\/www.tendenzeshabbychic.it\/wp-content\/uploads\/2021\/05\/Astree.png 100w, https:\/\/www.tendenzeshabbychic.it\/wp-content\/uploads\/2021\/05\/Astree-64x64.png 64w\" sizes=\"auto, (max-width: 100px) 100vw, 100px\" \/>\t\t\t\t\t<\/div>\n\t\t\t\t<\/div>\n\t\t\t<\/div>\n\t\t\t\t<div class=\"icon-box-text last-reset\">\n\t\t\t<h5 class=\"uppercase\">Astr\u00e9e<\/h5>\t\t\t\t\t\t\n\n<p>Brillant, romantique et f\u00e9minin, ce parfum de fleur d&rsquo;oranger et de jasmin voluptueux est rehauss\u00e9 par un accord oriental chaleureux.<\/p>\n\n\t\t<\/div>\n\t<\/div>\n\t\n\t\n\n\t\t<\/div>\n\t\t\t\t\t<\/div>\n\n\t\n\n\t<div id=\"col-631818277\" class=\"col medium-6 small-12 large-6\"  >\n\t\t\t\t<div class=\"col-inner\"  >\n\t\t\t\n\t\t\t\n\n\t<div class=\"img has-hover x md-x lg-x y md-y lg-y\" id=\"image_1721331956\">\n\t\t\t\t\t\t\t\t<div class=\"img-inner dark\" >\n\t\t\t<img loading=\"lazy\" decoding=\"async\" width=\"656\" height=\"800\" src=\"https:\/\/www.tendenzeshabbychic.it\/wp-content\/uploads\/2021\/05\/Astree-piramide-olfattiva-656x800.png\" class=\"attachment-large size-large\" alt=\"\" srcset=\"https:\/\/www.tendenzeshabbychic.it\/wp-content\/uploads\/2021\/05\/Astree-piramide-olfattiva-656x800.png 656w, https:\/\/www.tendenzeshabbychic.it\/wp-content\/uploads\/2021\/05\/Astree-piramide-olfattiva-64x78.png 64w, https:\/\/www.tendenzeshabbychic.it\/wp-content\/uploads\/2021\/05\/Astree-piramide-olfattiva-500x610.png 500w, https:\/\/www.tendenzeshabbychic.it\/wp-content\/uploads\/2021\/05\/Astree-piramide-olfattiva-328x400.png 328w, https:\/\/www.tendenzeshabbychic.it\/wp-content\/uploads\/2021\/05\/Astree-piramide-olfattiva-510x622.png 510w, https:\/\/www.tendenzeshabbychic.it\/wp-content\/uploads\/2021\/05\/Astree-piramide-olfattiva.png 767w\" sizes=\"auto, (max-width: 656px) 100vw, 656px\" \/>\t\t\t\t\t\t\n\t\t\t\t\t<\/div>\n\t\t\t\t\t\t\t\t\n<style>\n#image_1721331956 {\n  width: 100%;\n}\n<\/style>\n\t<\/div>\n\t\n\n\n\t\t<\/div>\n\t\t\t\t\t<\/div>\n\n\t\n\n\t<div id=\"col-392848994\" class=\"col small-12 large-12\"  >\n\t\t\t\t<div class=\"col-inner\"  >\n\t\t\t\n\t\t\t\n\n\t\n  \n    <div class=\"row large-columns-4 medium-columns-3 small-columns-2 row-small has-shadow row-box-shadow-1 slider row-slider slider-nav-reveal slider-nav-push\"  data-flickity-options='{&quot;imagesLoaded&quot;: true, &quot;groupCells&quot;: &quot;100%&quot;, &quot;dragThreshold&quot; : 5, &quot;cellAlign&quot;: &quot;left&quot;,&quot;wrapAround&quot;: true,&quot;prevNextButtons&quot;: true,&quot;percentPosition&quot;: true,&quot;pageDots&quot;: false, &quot;rightToLeft&quot;: false, &quot;autoPlay&quot; : false}' >\n\n  \n\t     <div class=\"product-small col has-hover product type-product post-73372 status-publish first instock product_cat-accessoires-de-bains product_tag-ceramique-et-porcelaine product_tag-idee-de-cadeau has-post-thumbnail taxable shipping-taxable purchasable product-type-simple\">\n\t<div class=\"col-inner\">\n\t\n<div class=\"badge-container absolute left top z-1\">\n\n<\/div>\n\t<div class=\"product-small box \">\n\t\t<div class=\"box-image\">\n\t\t\t<div class=\"image-fade_in_back\">\n\t\t\t\t<a href=\"https:\/\/www.tendenzeshabbychic.it\/fr\/produit\/distributeur-de-savon-liquide-en-ceramique-mathilde-m-marquise\/\">\n\t\t\t\t\t<img loading=\"lazy\" decoding=\"async\" width=\"500\" height=\"500\" src=\"https:\/\/www.tendenzeshabbychic.it\/wp-content\/uploads\/2021\/05\/DISPENSER-MARQUISE-500x500.jpg\" class=\"attachment-woocommerce_thumbnail size-woocommerce_thumbnail\" alt=\"Mathilde M. Distributeur de Savon Liquide C\u00e9ramique - Marquise\" srcset=\"https:\/\/www.tendenzeshabbychic.it\/wp-content\/uploads\/2021\/05\/DISPENSER-MARQUISE-500x500.jpg 500w, https:\/\/www.tendenzeshabbychic.it\/wp-content\/uploads\/2021\/05\/DISPENSER-MARQUISE-100x100.jpg 100w, https:\/\/www.tendenzeshabbychic.it\/wp-content\/uploads\/2021\/05\/DISPENSER-MARQUISE-280x280.jpg 280w, https:\/\/www.tendenzeshabbychic.it\/wp-content\/uploads\/2021\/05\/DISPENSER-MARQUISE-247x247.jpg 247w\" sizes=\"auto, (max-width: 500px) 100vw, 500px\" \/><img loading=\"lazy\" decoding=\"async\" width=\"500\" height=\"500\" src=\"https:\/\/www.tendenzeshabbychic.it\/wp-content\/uploads\/2021\/05\/DISPENSER-MARQUISE-2-500x500.jpg\" class=\"show-on-hover absolute fill hide-for-small back-image\" alt=\"Alternative view of Mathilde M. Distributeur de Savon Liquide C\u00e9ramique - Marquise\" aria-hidden=\"true\" srcset=\"https:\/\/www.tendenzeshabbychic.it\/wp-content\/uploads\/2021\/05\/DISPENSER-MARQUISE-2-500x500.jpg 500w, https:\/\/www.tendenzeshabbychic.it\/wp-content\/uploads\/2021\/05\/DISPENSER-MARQUISE-2-100x100.jpg 100w, https:\/\/www.tendenzeshabbychic.it\/wp-content\/uploads\/2021\/05\/DISPENSER-MARQUISE-2-280x280.jpg 280w, https:\/\/www.tendenzeshabbychic.it\/wp-content\/uploads\/2021\/05\/DISPENSER-MARQUISE-2-247x247.jpg 247w\" sizes=\"auto, (max-width: 500px) 100vw, 500px\" \/>\t\t\t\t<\/a>\n\t\t\t<\/div>\n\t\t\t<div class=\"image-tools is-small top right show-on-hover\">\n\t\t\t\t\t\t\t<\/div>\n\t\t\t<div class=\"image-tools is-small hide-for-small bottom left show-on-hover\">\n\t\t\t\t\t\t\t<\/div>\n\t\t\t<div class=\"image-tools grid-tools text-center hide-for-small bottom hover-slide-in show-on-hover\">\n\t\t\t\t\t\t\t<\/div>\n\t\t\t\t\t<\/div>\n\n\t\t<div class=\"box-text box-text-products\">\n\t\t\t<div class=\"title-wrapper\"><p class=\"name product-title woocommerce-loop-product__title\"><a href=\"https:\/\/www.tendenzeshabbychic.it\/fr\/produit\/distributeur-de-savon-liquide-en-ceramique-mathilde-m-marquise\/\" class=\"woocommerce-LoopProduct-link woocommerce-loop-product__link\">Mathilde M. Distributeur de Savon Liquide C\u00e9ramique &#8211; Marquise<\/a><\/p><\/div><div class=\"price-wrapper\"><div class=\"star-rating star-rating--inline\" role=\"img\" aria-label=\"Note 5 sur 5\"><span style=\"width:100%\">Note <strong class=\"rating\">5<\/strong> sur 5<\/span><\/div>\n\t<span class=\"price\"><span class=\"woocommerce-Price-amount amount\"><bdi>16,90&nbsp;<span class=\"woocommerce-Price-currencySymbol\" translate=\"no\">&euro;<\/span><\/bdi><\/span><\/span>\n<\/div>\t\t<\/div>\n\t<\/div>\n\t\t\t\t<input type=\"hidden\" class=\"pmwProductId\" data-id=\"73372\">\n\t\t\t\t\t<script>\n\t\t\t(window.pmwDataLayer = window.pmwDataLayer || {}).products                = window.pmwDataLayer.products || {};\n\t\t\twindow.pmwDataLayer.products[73372] = {\"id\":\"73372\",\"sku\":\"MBSBLDDS0001\",\"price\":16.9,\"brand\":\"\",\"quantity\":1,\"dyn_r_ids\":{\"post_id\":\"73372\",\"sku\":\"MBSBLDDS0001\",\"gpf\":\"woocommerce_gpf_73372\",\"gla\":\"gla_73372\"},\"is_variable\":false,\"type\":\"simple\",\"name\":\"Mathilde M. Distributeur de Savon Liquide C\u00e9ramique - Marquise\",\"category\":[\"Accessoires de bains\"],\"is_variation\":false};\n\t\t\t\t\twindow.pmw_product_position = window.pmw_product_position || 1;\n\t\twindow.pmwDataLayer.products[73372]['position'] = window.pmw_product_position++;\n\t\t\t\t<\/script>\n\t\t\t<\/div>\n<\/div><\/div>\n\n<div class=\"text-center\"><div class=\"is-divider divider clearfix\" ><\/div><\/div>\n\n\n\t\t<\/div>\n\t\t\t\t\t<\/div>\n\n\t\n\n<\/div>\n<div class=\"row\"  id=\"row-2133398589\">\n\n\n\t<div id=\"col-713885822\" class=\"col medium-6 small-12 large-6\"  >\n\t\t\t\t<div class=\"col-inner\"  >\n\t\t\t\n\t\t\t\n\n\t<div id=\"gap-564758653\" class=\"gap-element clearfix hide-for-medium\" style=\"display:block; height:auto;\">\n\t\t\n<style>\n#gap-564758653 {\n  padding-top: 112px;\n}\n<\/style>\n\t<\/div>\n\t\n\n\n\t\t<div class=\"icon-box featured-box icon-box-center text-center\"  >\n\t\t\t\t\t<div class=\"icon-box-img\" style=\"width: 100px\">\n\t\t\t\t<div class=\"icon\">\n\t\t\t\t\t<div class=\"icon-inner\" >\n\t\t\t\t\t\t<img loading=\"lazy\" decoding=\"async\" width=\"100\" height=\"100\" src=\"https:\/\/www.tendenzeshabbychic.it\/wp-content\/uploads\/2021\/05\/figuier-dolce.png\" class=\"attachment-medium size-medium\" alt=\"\" srcset=\"https:\/\/www.tendenzeshabbychic.it\/wp-content\/uploads\/2021\/05\/figuier-dolce.png 100w, https:\/\/www.tendenzeshabbychic.it\/wp-content\/uploads\/2021\/05\/figuier-dolce-64x64.png 64w\" sizes=\"auto, (max-width: 100px) 100vw, 100px\" \/>\t\t\t\t\t<\/div>\n\t\t\t\t<\/div>\n\t\t\t<\/div>\n\t\t\t\t<div class=\"icon-box-text last-reset\">\n\t\t\t<h5 class=\"uppercase\">figuier dolce<\/h5>\t\t\t\t\t\t\n\n<p>Pour rivaliser avec les plus beaux jardins d&rsquo;Italie, Louis XIV, amateur de figues, demanda \u00e0 ses jardiniers de planter plus de sept cents figuiers sur le site Versailles.  <br>Dans les jardins du ch\u00e2teau, le parfum d\u00e9licieusement laiteux et vert de la figue se m\u00eale \u00e0 la bergamote et au bois de santal enveloppant.<\/p>\n\n\t\t<\/div>\n\t<\/div>\n\t\n\t\n\n\t\t<\/div>\n\t\t\t\t\t<\/div>\n\n\t\n\n\t<div id=\"col-1785859204\" class=\"col medium-6 small-12 large-6\"  >\n\t\t\t\t<div class=\"col-inner\"  >\n\t\t\t\n\t\t\t\n\n\t<div class=\"img has-hover x md-x lg-x y md-y lg-y\" id=\"image_447507220\">\n\t\t\t\t\t\t\t\t<div class=\"img-inner dark\" >\n\t\t\t<img loading=\"lazy\" decoding=\"async\" width=\"656\" height=\"800\" src=\"https:\/\/www.tendenzeshabbychic.it\/wp-content\/uploads\/2021\/05\/Figuier-dolce-piramide-olfattiva-656x800.png\" class=\"attachment-large size-large\" alt=\"\" srcset=\"https:\/\/www.tendenzeshabbychic.it\/wp-content\/uploads\/2021\/05\/Figuier-dolce-piramide-olfattiva-656x800.png 656w, https:\/\/www.tendenzeshabbychic.it\/wp-content\/uploads\/2021\/05\/Figuier-dolce-piramide-olfattiva-64x78.png 64w, https:\/\/www.tendenzeshabbychic.it\/wp-content\/uploads\/2021\/05\/Figuier-dolce-piramide-olfattiva-500x610.png 500w, https:\/\/www.tendenzeshabbychic.it\/wp-content\/uploads\/2021\/05\/Figuier-dolce-piramide-olfattiva-328x400.png 328w, https:\/\/www.tendenzeshabbychic.it\/wp-content\/uploads\/2021\/05\/Figuier-dolce-piramide-olfattiva-510x622.png 510w, https:\/\/www.tendenzeshabbychic.it\/wp-content\/uploads\/2021\/05\/Figuier-dolce-piramide-olfattiva.png 767w\" sizes=\"auto, (max-width: 656px) 100vw, 656px\" \/>\t\t\t\t\t\t\n\t\t\t\t\t<\/div>\n\t\t\t\t\t\t\t\t\n<style>\n#image_447507220 {\n  width: 100%;\n}\n<\/style>\n\t<\/div>\n\t\n\n\n\t\t<\/div>\n\t\t\t\t\t<\/div>\n\n\t\n\n\t<div id=\"col-1053654724\" class=\"col small-12 large-12\"  >\n\t\t\t\t<div class=\"col-inner\"  >\n\t\t\t\n\t\t\t\n\n\t\n  \n    <div class=\"row large-columns-4 medium-columns-3 small-columns-2 row-small has-shadow row-box-shadow-1 slider row-slider slider-nav-reveal slider-nav-push\"  data-flickity-options='{&quot;imagesLoaded&quot;: true, &quot;groupCells&quot;: &quot;100%&quot;, &quot;dragThreshold&quot; : 5, &quot;cellAlign&quot;: &quot;left&quot;,&quot;wrapAround&quot;: true,&quot;prevNextButtons&quot;: true,&quot;percentPosition&quot;: true,&quot;pageDots&quot;: false, &quot;rightToLeft&quot;: false, &quot;autoPlay&quot; : false}' >\n\n  <\/div>\n\n<div class=\"text-center\"><div class=\"is-divider divider clearfix\" ><\/div><\/div>\n\n\n\t\t<\/div>\n\t\t\t\t\t<\/div>\n\n\t\n\n<\/div>\n<div class=\"row\"  id=\"row-151805605\">\n\n\n\t<div id=\"col-490114613\" class=\"col medium-6 small-12 large-6\"  >\n\t\t\t\t<div class=\"col-inner\"  >\n\t\t\t\n\t\t\t\n\n\t<div id=\"gap-1263864413\" class=\"gap-element clearfix hide-for-medium\" style=\"display:block; height:auto;\">\n\t\t\n<style>\n#gap-1263864413 {\n  padding-top: 112px;\n}\n<\/style>\n\t<\/div>\n\t\n\n\n\t\t<div class=\"icon-box featured-box icon-box-center text-center\"  >\n\t\t\t\t\t<div class=\"icon-box-img\" style=\"width: 100px\">\n\t\t\t\t<div class=\"icon\">\n\t\t\t\t\t<div class=\"icon-inner\" >\n\t\t\t\t\t\t<img loading=\"lazy\" decoding=\"async\" width=\"100\" height=\"100\" src=\"https:\/\/www.tendenzeshabbychic.it\/wp-content\/uploads\/2021\/05\/poudre-de-riz-1.png\" class=\"attachment-medium size-medium\" alt=\"\" srcset=\"https:\/\/www.tendenzeshabbychic.it\/wp-content\/uploads\/2021\/05\/poudre-de-riz-1.png 100w, https:\/\/www.tendenzeshabbychic.it\/wp-content\/uploads\/2021\/05\/poudre-de-riz-1-64x64.png 64w\" sizes=\"auto, (max-width: 100px) 100vw, 100px\" \/>\t\t\t\t\t<\/div>\n\t\t\t\t<\/div>\n\t\t\t<\/div>\n\t\t\t\t<div class=\"icon-box-text last-reset\">\n\t\t\t<h5 class=\"uppercase\">poudre de riz<\/h5>\t\t\t\t\t\t\n\n<p>Ses notes poudr\u00e9es et florales t&rsquo;invitent \u00e0 la r\u00eaverie.<\/p>\n\n\t\t<\/div>\n\t<\/div>\n\t\n\t\n\n\t\t<\/div>\n\t\t\t\t\t<\/div>\n\n\t\n\n\t<div id=\"col-963268467\" class=\"col medium-6 small-12 large-6\"  >\n\t\t\t\t<div class=\"col-inner\"  >\n\t\t\t\n\t\t\t\n\n\t<div class=\"img has-hover x md-x lg-x y md-y lg-y\" id=\"image_580757456\">\n\t\t\t\t\t\t\t\t<div class=\"img-inner dark\" >\n\t\t\t<img loading=\"lazy\" decoding=\"async\" width=\"656\" height=\"800\" src=\"https:\/\/www.tendenzeshabbychic.it\/wp-content\/uploads\/2021\/05\/Poudre-de-Riz-piramide-olfattiva-656x800.png\" class=\"attachment-large size-large\" alt=\"\" srcset=\"https:\/\/www.tendenzeshabbychic.it\/wp-content\/uploads\/2021\/05\/Poudre-de-Riz-piramide-olfattiva-656x800.png 656w, https:\/\/www.tendenzeshabbychic.it\/wp-content\/uploads\/2021\/05\/Poudre-de-Riz-piramide-olfattiva-64x78.png 64w, https:\/\/www.tendenzeshabbychic.it\/wp-content\/uploads\/2021\/05\/Poudre-de-Riz-piramide-olfattiva-500x610.png 500w, https:\/\/www.tendenzeshabbychic.it\/wp-content\/uploads\/2021\/05\/Poudre-de-Riz-piramide-olfattiva-328x400.png 328w, https:\/\/www.tendenzeshabbychic.it\/wp-content\/uploads\/2021\/05\/Poudre-de-Riz-piramide-olfattiva-510x622.png 510w, https:\/\/www.tendenzeshabbychic.it\/wp-content\/uploads\/2021\/05\/Poudre-de-Riz-piramide-olfattiva.png 767w\" sizes=\"auto, (max-width: 656px) 100vw, 656px\" \/>\t\t\t\t\t\t\n\t\t\t\t\t<\/div>\n\t\t\t\t\t\t\t\t\n<style>\n#image_580757456 {\n  width: 100%;\n}\n<\/style>\n\t<\/div>\n\t\n\n\n\t\t<\/div>\n\t\t\t\t\t<\/div>\n\n\t\n\n\t<div id=\"col-1477635765\" class=\"col small-12 large-12\"  >\n\t\t\t\t<div class=\"col-inner\"  >\n\t\t\t\n\t\t\t\n\n\t\n  \n    <div class=\"row large-columns-4 medium-columns-3 small-columns-2 row-small has-shadow row-box-shadow-1 slider row-slider slider-nav-reveal slider-nav-push\"  data-flickity-options='{&quot;imagesLoaded&quot;: true, &quot;groupCells&quot;: &quot;100%&quot;, &quot;dragThreshold&quot; : 5, &quot;cellAlign&quot;: &quot;left&quot;,&quot;wrapAround&quot;: true,&quot;prevNextButtons&quot;: true,&quot;percentPosition&quot;: true,&quot;pageDots&quot;: false, &quot;rightToLeft&quot;: false, &quot;autoPlay&quot; : false}' >\n\n  <\/div>\n\n<div class=\"text-center\"><div class=\"is-divider divider clearfix\" ><\/div><\/div>\n\n\n\t\t<\/div>\n\t\t\t\t\t<\/div>\n\n\t\n\n<\/div>\n<div class=\"row\"  id=\"row-1867170584\">\n\n\n\t<div id=\"col-1109150517\" class=\"col medium-5 small-12 large-5\"  >\n\t\t\t\t<div class=\"col-inner\"  >\n\t\t\t\n\t\t\t\n\n\t<div class=\"img has-hover x md-x lg-x y md-y lg-y\" id=\"image_969228794\">\n\t\t<a class=\"\" href=\"\/?product_cat=deodoranti-per-ambienti\" >\t\t\t\t\t\t<div class=\"img-inner dark\" >\n\t\t\t\t\t\t\t\t\t\n\t\t\t\t\t<\/div>\n\t\t\t\t\t\t<\/a>\t\t\n<style>\n#image_969228794 {\n  width: 100%;\n}\n<\/style>\n\t<\/div>\n\t\n\n\n\t\t<\/div>\n\t\t\t\t\t<\/div>\n\n\t\n\n\t<div id=\"col-377228841\" class=\"col medium-7 small-12 large-7\"  >\n\t\t\t\t<div class=\"col-inner\"  >\n\t\t\t\n\t\t\t\n\n<h3><span style=\"font-size: 110%;\">Spray d&rsquo;ambiance parfum\u00e9 pour un parfum instantan\u00e9 et intense<\/span><\/h3>\n<p><span style=\"font-size: 120%;\">Faciles \u00e0 utiliser, les sprays d&rsquo;ambiance vous permettent de parfumer instantan\u00e9ment tous les recoins de votre maison. Vous pouvez changer de fragrance \u00e0 tout moment mais aussi ajuster l&rsquo;intensit\u00e9 du parfum en fonction de la taille de la pi\u00e8ce, par exemple. <\/span><\/p>\n\n\t\t<\/div>\n\t\t\t\t\t<\/div>\n\n\t\n\n<\/div>\n<div class=\"row\"  id=\"row-412051928\">\n\n\n\t<div id=\"col-247821803\" class=\"col medium-7 small-12 large-7\"  >\n\t\t\t\t<div class=\"col-inner\"  >\n\t\t\t\n\t\t\t\n\n<h3>Le diffuseur de parfum d&rsquo;int\u00e9rieur pour une diffusion continue<\/h3>\n<p>En plus d&rsquo;\u00eatre tr\u00e8s d\u00e9coratifs, les diffuseurs Mathilde M. peuvent parfumer votre int\u00e9rieur tout au long de la journ\u00e9e. Une fois embouteill\u00e9es, les tiges de rotin s&rsquo;impr\u00e8gnent de parfum par capillarit\u00e9, lib\u00e9rant des notes de votre senteur pr\u00e9f\u00e9r\u00e9e pendant plusieurs semaines, voire plusieurs mois. &nbsp;<\/p>\n<p>En fonction de l&rsquo;intensit\u00e9 souhait\u00e9e, vous pouvez ajouter ou retirer des b\u00e2tons de rotin ou les tourner si n\u00e9cessaire.&nbsp;<\/p>\n\n\t\t<\/div>\n\t\t\t\t\t<\/div>\n\n\t\n\n\t<div id=\"col-734795800\" class=\"col medium-5 small-12 large-5\"  >\n\t\t\t\t<div class=\"col-inner\"  >\n\t\t\t\n\t\t\t\n\n\t<div class=\"img has-hover x md-x lg-x y md-y lg-y\" id=\"image_402587541\">\n\t\t<a class=\"\" href=\"\/?product_cat=diffusori-per-ambiente\" >\t\t\t\t\t\t<div class=\"img-inner dark\" >\n\t\t\t\t\t\t\t\t\t\n\t\t\t\t\t<\/div>\n\t\t\t\t\t\t<\/a>\t\t\n<style>\n#image_402587541 {\n  width: 100%;\n}\n<\/style>\n\t<\/div>\n\t\n\n\n\t\t<\/div>\n\t\t\t\t\t<\/div>\n\n\t\n\n<\/div>\n<div class=\"row\"  id=\"row-377861059\">\n\n\n\t<div id=\"col-851897056\" class=\"col medium-6 small-12 large-6\"  >\n\t\t\t\t<div class=\"col-inner\"  >\n\t\t\t\n\t\t\t\n\n\t<div class=\"img has-hover x md-x lg-x y md-y lg-y\" id=\"image_1750057065\">\n\t\t<a class=\"\" href=\"https:\/\/www.tendenzeshabbychic.it\/fr\/categorie-de-produit\/parfumeurs\/bougies-parfumees\/\">\t\t\t\t\t\t<div class=\"img-inner dark\" >\n\t\t\t\t\t\t\t\t\t\n\t\t\t\t\t<\/div>\n\t\t\t\t\t\t<\/a>\t\t\n<style>\n#image_1750057065 {\n  width: 100%;\n}\n<\/style>\n\t<\/div>\n\t\n\n\n\t\t<\/div>\n\t\t\t\t\t<\/div>\n\n\t\n\n\t<div id=\"col-509901960\" class=\"col medium-6 small-12 large-6\"  >\n\t\t\t\t<div class=\"col-inner\"  >\n\t\t\t\n\t\t\t\n\n<h3>Bougies Mathilde M., pour une diffusion douce et chaleureuse<\/h3>\n<p>La bougie parfum\u00e9e est un autre objet tr\u00e8s d\u00e9coratif. Elle produit une lumi\u00e8re douce qui cr\u00e9e instantan\u00e9ment une atmosph\u00e8re romantique et relaxante. Apr\u00e8s quelques instants, vous commencez \u00e0 sentir l&rsquo;odeur qui s&rsquo;\u00e9chappe lentement et votre moment de d\u00e9tente commence, peut-\u00eatre en prenant un bon bain chaud.  <\/p>\n<p>Grandes ou petites, simples ou fantaisistes, les bougies Mathilde M. participent activement \u00e0 votre d\u00e9cor, le rendant chic et intemporel.<\/p>\n\n\t\t<\/div>\n\t\t\t\t\t<\/div>\n\n\t\n\n<\/div>\n<div class=\"row\"  id=\"row-215968770\">\n\n\n\t<div id=\"col-1910624732\" class=\"col medium-6 small-12 large-6\"  >\n\t\t\t\t<div class=\"col-inner\"  >\n\t\t\t\n\t\t\t\n\n<h3>Les diffuseurs \u00e9lectriques Mathilde M. sont parfaits pour ceux qui veulent un parfum intense et personnalis\u00e9.<\/h3>\n<p>Le diffuseur \u00e9lectrique est tr\u00e8s facile \u00e0 utiliser et vous permet de parfumer intens\u00e9ment l&rsquo;espace gr\u00e2ce \u00e0 la technologie ultrasonique qui cr\u00e9e des vibrations rapides, garantissant que le parfum se m\u00e9lange uniform\u00e9ment \u00e0 l&rsquo;eau.  <br>Le parfum se r\u00e9pand en quelques instants sous forme de vapeur et contribue \u00e9galement \u00e0 lutter contre la s\u00e9cheresse de l&rsquo;air.<\/p>\n\n\t\t<\/div>\n\t\t\t\t\t<\/div>\n\n\t\n\n\t<div id=\"col-1238937236\" class=\"col medium-6 small-12 large-6\"  >\n\t\t\t\t<div class=\"col-inner\"  >\n\t\t\t\n\t\t\t\n\n\t<div class=\"img has-hover x md-x lg-x y md-y lg-y\" id=\"image_530346254\">\n\t\t<a class=\"\" href=\"https:\/\/www.tendenzeshabbychic.it\/prodotto\/diffusore-elettrico-oli-essenziali\/\">\t\t\t\t\t\t<div class=\"img-inner dark\" >\n\t\t\t\t\t\t\t\t\t\n\t\t\t\t\t<\/div>\n\t\t\t\t\t\t<\/a>\t\t\n<style>\n#image_530346254 {\n  width: 100%;\n}\n<\/style>\n\t<\/div>\n\t\n\n\n\t\t<\/div>\n\t\t\t\t\t<\/div>\n\n\t\n\n<\/div>\n","protected":false},"excerpt":{"rendered":"","protected":false},"author":1,"featured_media":63272,"comment_status":"closed","ping_status":"closed","sticky":false,"template":"","format":"standard","meta":{"_joinchat":[],"footnotes":""},"categories":[1621],"tags":[],"class_list":["post-177828","post","type-post","status-publish","format-standard","has-post-thumbnail","hentry","category-style-fr"],"_links":{"self":[{"href":"https:\/\/www.tendenzeshabbychic.it\/fr\/wp-json\/wp\/v2\/posts\/177828","targetHints":{"allow":["GET"]}}],"collection":[{"href":"https:\/\/www.tendenzeshabbychic.it\/fr\/wp-json\/wp\/v2\/posts"}],"about":[{"href":"https:\/\/www.tendenzeshabbychic.it\/fr\/wp-json\/wp\/v2\/types\/post"}],"author":[{"embeddable":true,"href":"https:\/\/www.tendenzeshabbychic.it\/fr\/wp-json\/wp\/v2\/users\/1"}],"replies":[{"embeddable":true,"href":"https:\/\/www.tendenzeshabbychic.it\/fr\/wp-json\/wp\/v2\/comments?post=177828"}],"version-history":[{"count":0,"href":"https:\/\/www.tendenzeshabbychic.it\/fr\/wp-json\/wp\/v2\/posts\/177828\/revisions"}],"wp:featuredmedia":[{"embeddable":true,"href":"https:\/\/www.tendenzeshabbychic.it\/fr\/wp-json\/wp\/v2\/media\/63272"}],"wp:attachment":[{"href":"https:\/\/www.tendenzeshabbychic.it\/fr\/wp-json\/wp\/v2\/media?parent=177828"}],"wp:term":[{"taxonomy":"category","embeddable":true,"href":"https:\/\/www.tendenzeshabbychic.it\/fr\/wp-json\/wp\/v2\/categories?post=177828"},{"taxonomy":"post_tag","embeddable":true,"href":"https:\/\/www.tendenzeshabbychic.it\/fr\/wp-json\/wp\/v2\/tags?post=177828"}],"curies":[{"name":"wp","href":"https:\/\/api.w.org\/{rel}","templated":true}]}}