{"id":173475,"date":"2025-01-23T19:23:16","date_gmt":"2025-01-23T18:23:16","guid":{"rendered":"https:\/\/www.tendenzeshabbychic.it\/2025\/01\/23\/memoires-de-provence-lelegance-intemporelle-du-style-shabby-chic\/"},"modified":"2025-01-23T19:24:04","modified_gmt":"2025-01-23T18:24:04","slug":"memoires-de-provence-lelegance-intemporelle-du-style-shabby-chic","status":"publish","type":"post","link":"https:\/\/www.tendenzeshabbychic.it\/fr\/2025\/01\/23\/memoires-de-provence-lelegance-intemporelle-du-style-shabby-chic\/","title":{"rendered":"M\u00e9moires de Provence : l&rsquo;\u00e9l\u00e9gance intemporelle du style shabby chic"},"content":{"rendered":"\n<div class=\"row\"  id=\"row-1807855094\">\n\n\n\t<div id=\"col-147999905\" class=\"col small-12 large-12\"  >\n\t\t\t\t<div class=\"col-inner text-center\"  >\n\t\t\t\n\t\t\t\n\n\t<div id=\"text-190233910\" class=\"text\">\n\t\t\n\n<p>La collection <em>M\u00e9moires de Provence<\/em> de Blanc Mariclo repr\u00e9sente un voyage au c\u0153ur de Provenza , un lieu enchant\u00e9 o\u00f9 \u00e9l\u00e9gance, charme et authenticit\u00e9 se m\u00e9langent pour donner vie \u00e0 des meubles intemporels. Chaque pi\u00e8ce de cette collection raconte une histoire, inspir\u00e9e de la tradition proven\u00e7ale et du romantisme du style shabby chic. <\/p>\n<p>Si vous aimez la chaleur des d\u00e9tails rustiques mais raffin\u00e9s, <em>M\u00e9moires de Provence<\/em> est le choix parfait pour transformer votre maison en une retraite accueillante et sophistiqu\u00e9e. Dans cet article, nous explorerons les particularit\u00e9s de cette collection et vous donnerons des id\u00e9es pour l&rsquo;utiliser pour d\u00e9corer vos espaces. <\/p>\n\t\t\n<style>\n#text-190233910 {\n  text-align: left;\n}\n<\/style>\n\t<\/div>\n\t\n\t\n  \n    <div class=\"row large-columns-4 medium-columns-3 small-columns-2 row-small has-shadow row-box-shadow-1\" >\n  \n\t     <div class=\"product-small col has-hover product type-product post-172251 status-publish first instock product_cat-mobilier product_tag-memoires-de-provence-fr product_tag-patine-vintage has-post-thumbnail taxable shipping-taxable purchasable product-type-simple\">\n\t<div class=\"col-inner\">\n\t\n<div class=\"badge-container absolute left top z-1\">\n\n<\/div>\n\t<div class=\"product-small box \">\n\t\t<div class=\"box-image\">\n\t\t\t<div class=\"image-fade_in_back\">\n\t\t\t\t<a href=\"https:\/\/www.tendenzeshabbychic.it\/fr\/produit\/blanc-mariclo-porte-revues-en-fer-et-bois-34x73-cm\/\">\n\t\t\t\t\t<img loading=\"lazy\" decoding=\"async\" width=\"500\" height=\"500\" src=\"https:\/\/www.tendenzeshabbychic.it\/wp-content\/uploads\/2025\/01\/A37538-500x500.jpg\" class=\"attachment-woocommerce_thumbnail size-woocommerce_thumbnail\" alt=\"Porte-revues en fer avec d\u00e9tails d\u00e9coratifs et plateau en bois, design vintage, dimensions 34x73 cm.\" srcset=\"https:\/\/www.tendenzeshabbychic.it\/wp-content\/uploads\/2025\/01\/A37538-500x500.jpg 500w, https:\/\/www.tendenzeshabbychic.it\/wp-content\/uploads\/2025\/01\/A37538-400x400.jpg 400w, https:\/\/www.tendenzeshabbychic.it\/wp-content\/uploads\/2025\/01\/A37538-800x800.jpg 800w, https:\/\/www.tendenzeshabbychic.it\/wp-content\/uploads\/2025\/01\/A37538-280x280.jpg 280w, https:\/\/www.tendenzeshabbychic.it\/wp-content\/uploads\/2025\/01\/A37538-768x768.jpg 768w, https:\/\/www.tendenzeshabbychic.it\/wp-content\/uploads\/2025\/01\/A37538-100x100.jpg 100w, https:\/\/www.tendenzeshabbychic.it\/wp-content\/uploads\/2025\/01\/A37538-64x64.jpg 64w, https:\/\/www.tendenzeshabbychic.it\/wp-content\/uploads\/2025\/01\/A37538.jpg 1000w\" sizes=\"auto, (max-width: 500px) 100vw, 500px\" \/><img loading=\"lazy\" decoding=\"async\" width=\"500\" height=\"500\" src=\"https:\/\/www.tendenzeshabbychic.it\/wp-content\/uploads\/2025\/01\/A37538-4-500x500.jpg\" class=\"show-on-hover absolute fill hide-for-small back-image\" alt=\"Alternative view of Blanc Maricl\u00f2 Porte-revues en fer et bois 34x73 cm\" aria-hidden=\"true\" srcset=\"https:\/\/www.tendenzeshabbychic.it\/wp-content\/uploads\/2025\/01\/A37538-4-500x500.jpg 500w, https:\/\/www.tendenzeshabbychic.it\/wp-content\/uploads\/2025\/01\/A37538-4-400x400.jpg 400w, https:\/\/www.tendenzeshabbychic.it\/wp-content\/uploads\/2025\/01\/A37538-4-800x800.jpg 800w, https:\/\/www.tendenzeshabbychic.it\/wp-content\/uploads\/2025\/01\/A37538-4-280x280.jpg 280w, https:\/\/www.tendenzeshabbychic.it\/wp-content\/uploads\/2025\/01\/A37538-4-768x768.jpg 768w, https:\/\/www.tendenzeshabbychic.it\/wp-content\/uploads\/2025\/01\/A37538-4-100x100.jpg 100w, https:\/\/www.tendenzeshabbychic.it\/wp-content\/uploads\/2025\/01\/A37538-4-64x64.jpg 64w, https:\/\/www.tendenzeshabbychic.it\/wp-content\/uploads\/2025\/01\/A37538-4.jpg 1000w\" sizes=\"auto, (max-width: 500px) 100vw, 500px\" \/>\t\t\t\t<\/a>\n\t\t\t<\/div>\n\t\t\t<div class=\"image-tools is-small top right show-on-hover\">\n\t\t\t\t\t\t\t<\/div>\n\t\t\t<div class=\"image-tools is-small hide-for-small bottom left show-on-hover\">\n\t\t\t\t\t\t\t<\/div>\n\t\t\t<div class=\"image-tools grid-tools text-center hide-for-small bottom hover-slide-in show-on-hover\">\n\t\t\t\t\t\t\t<\/div>\n\t\t\t\t\t<\/div>\n\n\t\t<div class=\"box-text box-text-products\">\n\t\t\t<div class=\"title-wrapper\"><p class=\"name product-title woocommerce-loop-product__title\"><a href=\"https:\/\/www.tendenzeshabbychic.it\/fr\/produit\/blanc-mariclo-porte-revues-en-fer-et-bois-34x73-cm\/\" class=\"woocommerce-LoopProduct-link woocommerce-loop-product__link\">Blanc Maricl\u00f2 Porte-revues en fer et bois 34&#215;73 cm<\/a><\/p><\/div><div class=\"price-wrapper\">\n\t<span class=\"price\"><span class=\"woocommerce-Price-amount amount\"><bdi>182,00&nbsp;<span class=\"woocommerce-Price-currencySymbol\" translate=\"no\">&euro;<\/span><\/bdi><\/span><\/span>\n<\/div>\t\t<\/div>\n\t<\/div>\n\t\t\t\t<input type=\"hidden\" class=\"pmwProductId\" data-id=\"172251\">\n\t\t\t\t\t<script>\n\t\t\t(window.pmwDataLayer = window.pmwDataLayer || {}).products                = window.pmwDataLayer.products || {};\n\t\t\twindow.pmwDataLayer.products[172251] = {\"id\":\"172251\",\"sku\":\"A37538\",\"price\":182,\"brand\":\"\",\"quantity\":1,\"dyn_r_ids\":{\"post_id\":\"172251\",\"sku\":\"A37538\",\"gpf\":\"woocommerce_gpf_172251\",\"gla\":\"gla_172251\"},\"is_variable\":false,\"type\":\"simple\",\"name\":\"Blanc Maricl\u00f2 Porte-revues en fer et bois 34x73 cm\",\"category\":[\"Mobilier\"],\"is_variation\":false};\n\t\t\t\t\twindow.pmw_product_position = window.pmw_product_position || 1;\n\t\twindow.pmwDataLayer.products[172251]['position'] = window.pmw_product_position++;\n\t\t\t\t<\/script>\n\t\t\t<\/div>\n<\/div><\/div>\n\n\t<div id=\"text-1767941359\" class=\"text\">\n\t\t\n\n<h3><strong>Une harmonie de mat\u00e9riaux et de finitions vintage<\/strong><\/h3>\n<p>La collection <em>M\u00e9moires de Provence<\/em> se distingue par l&rsquo;utilisation savante de mat\u00e9riaux comme le m\u00e9tal et le bois, associ\u00e9s \u00e0 des finitions anciennes qui \u00e9voquent le charme des meubles d&rsquo;\u00e9poque. La palette de couleurs sourdes, domin\u00e9e par des nuances naturelles comme le beige, le blanc cass\u00e9 et le marron clair, conf\u00e8re \u00e0 chaque pi\u00e8ce un aspect v\u00e9cu et authentique. <\/p>\n<p>Chaque objet, des tables basses aux plateaux d\u00e9coratifs, pr\u00e9sente des d\u00e9tails sculpt\u00e9s, des bords travaill\u00e9s et des motifs floraux qui rappellent la tradition artisanale fran\u00e7aise. Ces \u00e9l\u00e9ments d\u00e9coratifs conf\u00e8rent un caract\u00e8re unique \u00e0 chaque objet, le transformant en un accessoire d&rsquo;ameublement capable de mettre en valeur n&rsquo;importe quel environnement. <\/p>\n\t\t\n<style>\n#text-1767941359 {\n  text-align: left;\n}\n<\/style>\n\t<\/div>\n\t\n\t<div class=\"img has-hover x md-x lg-x y md-y lg-y\" id=\"image_433321873\">\n\t\t\t\t\t\t\t\t<div class=\"img-inner dark\" >\n\t\t\t<img loading=\"lazy\" decoding=\"async\" width=\"500\" height=\"500\" src=\"https:\/\/www.tendenzeshabbychic.it\/wp-content\/uploads\/2025\/01\/A37548-4-500x500.jpg\" class=\"attachment-woocommerce_thumbnail size-woocommerce_thumbnail\" alt=\"Consolle da parete con struttura in metallo, tre ripiani decorati con bordi ad arco e gambe ricurve, ideale per esporre piante o oggetti decorativi.\" srcset=\"https:\/\/www.tendenzeshabbychic.it\/wp-content\/uploads\/2025\/01\/A37548-4-500x500.jpg 500w, https:\/\/www.tendenzeshabbychic.it\/wp-content\/uploads\/2025\/01\/A37548-4-400x400.jpg 400w, https:\/\/www.tendenzeshabbychic.it\/wp-content\/uploads\/2025\/01\/A37548-4-800x800.jpg 800w, https:\/\/www.tendenzeshabbychic.it\/wp-content\/uploads\/2025\/01\/A37548-4-280x280.jpg 280w, https:\/\/www.tendenzeshabbychic.it\/wp-content\/uploads\/2025\/01\/A37548-4-768x768.jpg 768w, https:\/\/www.tendenzeshabbychic.it\/wp-content\/uploads\/2025\/01\/A37548-4-100x100.jpg 100w, https:\/\/www.tendenzeshabbychic.it\/wp-content\/uploads\/2025\/01\/A37548-4-64x64.jpg 64w, https:\/\/www.tendenzeshabbychic.it\/wp-content\/uploads\/2025\/01\/A37548-4.jpg 1000w\" sizes=\"auto, (max-width: 500px) 100vw, 500px\" \/>\t\t\t\t\t\t\n\t\t\t\t\t<\/div>\n\t\t\t\t\t\t\t\t\n<style>\n#image_433321873 {\n  width: 70%;\n}\n<\/style>\n\t<\/div>\n\t\n\n\t<div id=\"text-1874031672\" class=\"text\">\n\t\t\n\n<h3><strong>Pi\u00e8ces iconiques de la collection<\/strong><\/h3>\n<p>Parmi les incontournables des <em>M\u00e9moires de Provence<\/em> on retrouve :<\/p>\n<ol>\n<li>\n<p><strong>Tables basses et consoles :<\/strong><br> \u00c9l\u00e9gantes et fonctionnelles, les tables basses et consoles de la collection sont parfaites pour enrichir le salon ou l&rsquo;entr\u00e9e. Le travail du m\u00e9tal et les finitions shabby chic les rendent id\u00e9ales pour un style romantique et sophistiqu\u00e9. <\/p>\n<\/li>\n<li>\n<p><strong>Lanternes et porte-plantes :<\/strong><br> Ces accessoires d&rsquo;ameublement donnent chaleur et personnalit\u00e9 aux espaces int\u00e9rieurs et ext\u00e9rieurs. Les lanternes aux d\u00e9tails ajour\u00e9s et les porte-plantes en m\u00e9tal d\u00e9cor\u00e9s ajoutent une touche de nature et de luminosit\u00e9 aux pi\u00e8ces. <\/p>\n<\/li>\n<li>\n<p><strong>Supports et plateaux d\u00e9coratifs :<\/strong><br> Parfaits pour embellir la table, ces accessoires allient fonctionnalit\u00e9 et beaut\u00e9, devenant le point d&rsquo;appui d&rsquo;une mise en place inoubliable.<\/p>\n<\/li>\n<li>\n<p><strong>Porte-revues et organiseur&nbsp;:<\/strong><br> Des solutions pratiques et esth\u00e9tiques pour organiser des livres, des magazines ou des objets d\u00e9coratifs, id\u00e9ales pour ceux qui recherchent de l&rsquo;ordre sans sacrifier le style.<\/p>\n<\/li>\n<\/ol>\n\t\t\n<style>\n#text-1874031672 {\n  text-align: left;\n}\n<\/style>\n\t<\/div>\n\t\n\t<div class=\"img has-hover x md-x lg-x y md-y lg-y\" id=\"image_337892803\">\n\t\t\t\t\t\t\t\t<div class=\"img-inner dark\" >\n\t\t\t\t\t\t\t\t\t\n\t\t\t\t\t<\/div>\n\t\t\t\t\t\t\t\t\n<style>\n#image_337892803 {\n  width: 70%;\n}\n<\/style>\n\t<\/div>\n\t\n\n\t<div id=\"text-1250675943\" class=\"text\">\n\t\t\n\n<h3><strong>Id\u00e9es d\u00e9co avec M\u00e9moires de Provence<\/strong><\/h3>\n<p>La polyvalence de la collection <em>M\u00e9moires de Provence<\/em> vous permet de l&rsquo;utiliser dans diff\u00e9rents contextes, la rendant adapt\u00e9e aussi bien \u00e0 la maison qu&rsquo;aux \u00e9v\u00e9nements sp\u00e9ciaux. Voici quelques id\u00e9es pour l\u2019int\u00e9grer dans vos environnements : <\/p>\n<ul>\n<li><strong>Espace de vie&nbsp;:<\/strong> utilisez une console comme base pour un vase de fleurs fra\u00eeches ou une lampe d\u2019aspect vintage. Compl\u00e9tez le look avec des lanternes \u00e9clair\u00e9es aux bougies pour cr\u00e9er une atmosph\u00e8re chaleureuse. <\/li>\n<li><strong>Jardin ou terrasse :<\/strong> Les porte-plantes et lanternes de la collection sont parfaits pour d\u00e9corer les espaces ext\u00e9rieurs, donnant une touche romantique \u00e0 vos soir\u00e9es en plein air.<\/li>\n<li><strong>Salle \u00e0 manger :<\/strong> Choisissez des plateaux et supports d\u00e9coratifs pour servir desserts et ap\u00e9ritifs, transformant chaque moment convivial en une exp\u00e9rience raffin\u00e9e.<\/li>\n<li><strong>Chambre :<\/strong> Une table basse shabby chic peut faire office de table de chevet, ajoutant une touche po\u00e9tique et relaxante \u00e0 votre espace nuit.<\/li>\n<\/ul>\n\t\t\n<style>\n#text-1250675943 {\n  text-align: left;\n}\n<\/style>\n\t<\/div>\n\t\n\t<div class=\"img has-hover x md-x lg-x y md-y lg-y\" id=\"image_849461051\">\n\t\t\t\t\t\t\t\t<div class=\"img-inner dark\" >\n\t\t\t\t\t\t\t\t\t\n\t\t\t\t\t<\/div>\n\t\t\t\t\t\t\t\t\n<style>\n#image_849461051 {\n  width: 70%;\n}\n<\/style>\n\t<\/div>\n\t\n\n\t<div id=\"text-2968912694\" class=\"text\">\n\t\t\n\n<h3><strong>Pourquoi choisir M\u00e9moires de Provence<\/strong><\/h3>\n<p><em>M\u00e9moires de Provence<\/em> n&rsquo;est pas qu&rsquo;une simple collection de meubles, mais un v\u00e9ritable art de vivre. Chaque pi\u00e8ce est con\u00e7ue pour \u00e9voquer des \u00e9motions et cr\u00e9er des environnements qui parlent de vous. La qualit\u00e9 des mat\u00e9riaux, combin\u00e9e \u00e0 l&rsquo;attention port\u00e9e aux d\u00e9tails, garantit que chaque article est non seulement beau, mais aussi durable et fonctionnel.  <\/p>\n<p>Avec <em>M\u00e9moires de Provence<\/em> , faites entrer une pinc\u00e9e de Provenza chez vous en vous laissant envelopper par le charme d&rsquo;une tradition intemporelle.<\/p>\n<h3><strong>D\u00e9couvrez la collection<\/strong><\/h3>\n<p>Visitez notre site <a href=\"https:\/\/www.tendenzeshabbychic.it\/fr\/\">Tendenze Shabby Chic<\/a> pour d\u00e9couvrir tous les produits de la collection <em>M\u00e9moires de Provence<\/em> . Laissez-vous inspirer par la beaut\u00e9 du style shabby chic et transformez vos espaces en un r\u00eave proven\u00e7al. <\/p>\n\t\t\n<style>\n#text-2968912694 {\n  text-align: left;\n}\n<\/style>\n\t<\/div>\n\t\n\t<div class=\"img has-hover x md-x lg-x y md-y lg-y\" id=\"image_16479111\">\n\t\t\t\t\t\t\t\t<div class=\"img-inner dark\" >\n\t\t\t<img loading=\"lazy\" decoding=\"async\" width=\"500\" height=\"500\" src=\"https:\/\/www.tendenzeshabbychic.it\/wp-content\/uploads\/2025\/01\/A36432-4-500x500.jpg\" class=\"attachment-woocommerce_thumbnail size-woocommerce_thumbnail\" alt=\"\" srcset=\"https:\/\/www.tendenzeshabbychic.it\/wp-content\/uploads\/2025\/01\/A36432-4-500x500.jpg 500w, https:\/\/www.tendenzeshabbychic.it\/wp-content\/uploads\/2025\/01\/A36432-4-400x400.jpg 400w, https:\/\/www.tendenzeshabbychic.it\/wp-content\/uploads\/2025\/01\/A36432-4-800x800.jpg 800w, https:\/\/www.tendenzeshabbychic.it\/wp-content\/uploads\/2025\/01\/A36432-4-280x280.jpg 280w, https:\/\/www.tendenzeshabbychic.it\/wp-content\/uploads\/2025\/01\/A36432-4-768x768.jpg 768w, https:\/\/www.tendenzeshabbychic.it\/wp-content\/uploads\/2025\/01\/A36432-4-100x100.jpg 100w, https:\/\/www.tendenzeshabbychic.it\/wp-content\/uploads\/2025\/01\/A36432-4-64x64.jpg 64w, https:\/\/www.tendenzeshabbychic.it\/wp-content\/uploads\/2025\/01\/A36432-4.jpg 1000w\" sizes=\"auto, (max-width: 500px) 100vw, 500px\" \/>\t\t\t\t\t\t\n\t\t\t\t\t<\/div>\n\t\t\t\t\t\t\t\t\n<style>\n#image_16479111 {\n  width: 70%;\n}\n<\/style>\n\t<\/div>\n\t\n\n<a href=\"https:\/\/www.tendenzeshabbychic.it\/fr\/Etiquette-produit\/memoires-de-provence-fr\/\" class=\"button primary is-shade is-larger box-shadow-4 box-shadow-5-hover\" style=\"border-radius:10px;\">\n\t\t<span>EN SAVOIR PLUS<\/span>\n\t<\/a>\n\n\n\n\t\t<\/div>\n\t\t\t\t\t<\/div>\n\n\t\n\n<\/div>\n\n","protected":false},"excerpt":{"rendered":"","protected":false},"author":1,"featured_media":168355,"comment_status":"closed","ping_status":"closed","sticky":false,"template":"","format":"standard","meta":{"_joinchat":[],"footnotes":""},"categories":[1667],"tags":[3211,3212],"class_list":["post-173475","post","type-post","status-publish","format-standard","has-post-thumbnail","hentry","category-blanc-mariclo-fr","tag-decor-minable","tag-shabby-chic-fr"],"_links":{"self":[{"href":"https:\/\/www.tendenzeshabbychic.it\/fr\/wp-json\/wp\/v2\/posts\/173475","targetHints":{"allow":["GET"]}}],"collection":[{"href":"https:\/\/www.tendenzeshabbychic.it\/fr\/wp-json\/wp\/v2\/posts"}],"about":[{"href":"https:\/\/www.tendenzeshabbychic.it\/fr\/wp-json\/wp\/v2\/types\/post"}],"author":[{"embeddable":true,"href":"https:\/\/www.tendenzeshabbychic.it\/fr\/wp-json\/wp\/v2\/users\/1"}],"replies":[{"embeddable":true,"href":"https:\/\/www.tendenzeshabbychic.it\/fr\/wp-json\/wp\/v2\/comments?post=173475"}],"version-history":[{"count":0,"href":"https:\/\/www.tendenzeshabbychic.it\/fr\/wp-json\/wp\/v2\/posts\/173475\/revisions"}],"wp:featuredmedia":[{"embeddable":true,"href":"https:\/\/www.tendenzeshabbychic.it\/fr\/wp-json\/wp\/v2\/media\/168355"}],"wp:attachment":[{"href":"https:\/\/www.tendenzeshabbychic.it\/fr\/wp-json\/wp\/v2\/media?parent=173475"}],"wp:term":[{"taxonomy":"category","embeddable":true,"href":"https:\/\/www.tendenzeshabbychic.it\/fr\/wp-json\/wp\/v2\/categories?post=173475"},{"taxonomy":"post_tag","embeddable":true,"href":"https:\/\/www.tendenzeshabbychic.it\/fr\/wp-json\/wp\/v2\/tags?post=173475"}],"curies":[{"name":"wp","href":"https:\/\/api.w.org\/{rel}","templated":true}]}}