{"id":183567,"date":"2025-05-16T12:04:29","date_gmt":"2025-05-16T11:04:29","guid":{"rendered":"https:\/\/www.tendenzeshabbychic.it\/2025\/05\/16\/coleccion-bolgheri-blanc-mariclo-elegancia-country-chic-para-tu-hogar\/"},"modified":"2025-05-16T12:13:57","modified_gmt":"2025-05-16T11:13:57","slug":"coleccion-bolgheri-blanc-mariclo-elegancia-country-chic-para-tu-hogar","status":"publish","type":"post","link":"https:\/\/www.tendenzeshabbychic.it\/es\/2025\/05\/16\/coleccion-bolgheri-blanc-mariclo-elegancia-country-chic-para-tu-hogar\/","title":{"rendered":"Colecci\u00f3n Bolgheri Blanc MariCl\u00f2: elegancia Country Chic para tu hogar"},"content":{"rendered":"\n<div class=\"row align-center\"  id=\"row-1075212934\">\n\n\n\t<div id=\"col-419192313\" class=\"col small-12 large-12\"  >\n\t\t\t\t<div class=\"col-inner text-center\"  >\n\t\t\t\n\t\t\t\n\n\t<div id=\"text-3689893326\" class=\"text\">\n\t\t\n\n<p><a href=\"https:\/\/www.tendenzeshabbychic.it\/es\/etiqueta-producto\/collezione-bolgheri-es\/\">La collezione Bolgheri di <strong data-start=\"214\" data-end=\"231\">Blanc Maricl\u00f2<\/strong><\/a> \u00e8 un inno alla bellezza senza tempo, dove il fascino della tradizione si fonde con la delicatezza di uno stile country chic.<\/p>\n<p>Pensata per chi desidera vivere ogni ambiente con calore e armonia, questa linea trasforma la casa in un rifugio accogliente, raffinato e autentico.<\/p>\n<h3 data-start=\"507\" data-end=\"542\">L&#8217;intramontabile fantasia Vichy<\/h3>\n<p data-start=\"544\" data-end=\"900\">Il cuore della collezione \u00e8 la classica fantasia <strong data-start=\"593\" data-end=\"602\">Vichy<\/strong>, declinata in tonalit\u00e0 naturali e verde salvia.<\/p>\n<p data-start=\"544\" data-end=\"900\">Un pattern che non passa mai di moda e che, grazie alla mano stilistica di <a href=\"https:\/\/www.tendenzeshabbychic.it\/es\/marca\/blanc-mariclo-es\/\">Blanc Maricl\u00f2<\/a>, acquista un tocco romantico e contemporaneo.<\/p>\n<p data-start=\"544\" data-end=\"900\">I quadretti si alternano in giochi di luce morbidi, perfetti per ambienti luminosi, rustici o in stile provenzale.<\/p>\n\t\t\n<style>\n#text-3689893326 {\n  text-align: left;\n}\n<\/style>\n\t<\/div>\n\t\n<div class=\"row\"  id=\"row-2127196784\">\n\n\n\t<div id=\"col-636083164\" class=\"col medium-6 small-12 large-6\"  >\n\t\t\t\t<div class=\"col-inner\"  >\n\t\t\t\n\t\t\t\n\n\t<div class=\"img has-hover x md-x lg-x y md-y lg-y\" id=\"image_1639139692\">\n\t\t\t\t\t\t\t\t<div class=\"img-inner dark\" >\n\t\t\t<img loading=\"lazy\" decoding=\"async\" width=\"768\" height=\"768\" src=\"https:\/\/www.tendenzeshabbychic.it\/wp-content\/uploads\/2025\/05\/A3852299VE-1-768x768.jpg\" class=\"attachment-medium_large size-medium_large\" alt=\"\" srcset=\"https:\/\/www.tendenzeshabbychic.it\/wp-content\/uploads\/2025\/05\/A3852299VE-1-768x768.jpg 768w, https:\/\/www.tendenzeshabbychic.it\/wp-content\/uploads\/2025\/05\/A3852299VE-1-400x400.jpg 400w, https:\/\/www.tendenzeshabbychic.it\/wp-content\/uploads\/2025\/05\/A3852299VE-1-800x800.jpg 800w, https:\/\/www.tendenzeshabbychic.it\/wp-content\/uploads\/2025\/05\/A3852299VE-1-280x280.jpg 280w, https:\/\/www.tendenzeshabbychic.it\/wp-content\/uploads\/2025\/05\/A3852299VE-1-500x500.jpg 500w, https:\/\/www.tendenzeshabbychic.it\/wp-content\/uploads\/2025\/05\/A3852299VE-1-100x100.jpg 100w, https:\/\/www.tendenzeshabbychic.it\/wp-content\/uploads\/2025\/05\/A3852299VE-1-64x64.jpg 64w, https:\/\/www.tendenzeshabbychic.it\/wp-content\/uploads\/2025\/05\/A3852299VE-1.jpg 1000w\" sizes=\"auto, (max-width: 768px) 100vw, 768px\" \/>\t\t\t\t\t\t\n\t\t\t\t\t<\/div>\n\t\t\t\t\t\t\t\t\n<style>\n#image_1639139692 {\n  width: 100%;\n}\n<\/style>\n\t<\/div>\n\t\n\n\n\t\t<\/div>\n\t\t\t\t\t<\/div>\n\n\t\n\n\t<div id=\"col-1272353548\" class=\"col medium-6 small-12 large-6\"  >\n\t\t\t\t<div class=\"col-inner\"  >\n\t\t\t\n\t\t\t\n\n\t<div class=\"img has-hover x md-x lg-x y md-y lg-y\" id=\"image_617960017\">\n\t\t\t\t\t\t\t\t<div class=\"img-inner dark\" >\n\t\t\t<img loading=\"lazy\" decoding=\"async\" width=\"768\" height=\"768\" src=\"https:\/\/www.tendenzeshabbychic.it\/wp-content\/uploads\/2025\/05\/A3852599NT-1-768x768.jpg\" class=\"attachment-medium_large size-medium_large\" alt=\"\" srcset=\"https:\/\/www.tendenzeshabbychic.it\/wp-content\/uploads\/2025\/05\/A3852599NT-1-768x768.jpg 768w, https:\/\/www.tendenzeshabbychic.it\/wp-content\/uploads\/2025\/05\/A3852599NT-1-400x400.jpg 400w, https:\/\/www.tendenzeshabbychic.it\/wp-content\/uploads\/2025\/05\/A3852599NT-1-800x800.jpg 800w, https:\/\/www.tendenzeshabbychic.it\/wp-content\/uploads\/2025\/05\/A3852599NT-1-280x280.jpg 280w, https:\/\/www.tendenzeshabbychic.it\/wp-content\/uploads\/2025\/05\/A3852599NT-1-500x500.jpg 500w, https:\/\/www.tendenzeshabbychic.it\/wp-content\/uploads\/2025\/05\/A3852599NT-1-100x100.jpg 100w, https:\/\/www.tendenzeshabbychic.it\/wp-content\/uploads\/2025\/05\/A3852599NT-1-64x64.jpg 64w, https:\/\/www.tendenzeshabbychic.it\/wp-content\/uploads\/2025\/05\/A3852599NT-1.jpg 1000w\" sizes=\"auto, (max-width: 768px) 100vw, 768px\" \/>\t\t\t\t\t\t\n\t\t\t\t\t<\/div>\n\t\t\t\t\t\t\t\t\n<style>\n#image_617960017 {\n  width: 100%;\n}\n<\/style>\n\t<\/div>\n\t\n\n\n\t\t<\/div>\n\t\t\t\t\t<\/div>\n\n\t\n\n<\/div>\n\t<div id=\"text-3685776779\" class=\"text\">\n\t\t\n\n<h3><strong>Textiles de mesa: cada detalle cuenta<\/strong><\/h3>\n<p>Desde el<strong> mantel<\/strong> de gala hasta el <strong>Camino de mesa<\/strong>, pasando por <strong>manteles individuales<\/strong>, <strong>servilletas<\/strong> y <strong>pa\u00f1os de cocina<\/strong>, cada art\u00edculo de la colecci\u00f3n est\u00e1 dise\u00f1ado para dar coherencia y elegancia a la mise en place.<\/p>\n<p>Los acabados rizados y los materiales resistentes pero ligeros hacen que cada pieza sea funcional adem\u00e1s de est\u00e9tica.<\/p>\n<p>\ud83d\uddbc Imagina una mesa con cuadros beige o verdes, iluminada con luz natural y rodeada de elementos de madera y cer\u00e1mica blanca: pura poes\u00eda visual.<\/p>\n\t\t\n<style>\n#text-3685776779 {\n  text-align: left;\n}\n<\/style>\n\t<\/div>\n\t\n\t\n  \n    <div class=\"row large-columns-4 medium-columns-3 small-columns-2 row-small has-shadow row-box-shadow-1 slider row-slider slider-nav-reveal slider-nav-push\"  data-flickity-options='{&quot;imagesLoaded&quot;: true, &quot;groupCells&quot;: &quot;100%&quot;, &quot;dragThreshold&quot; : 5, &quot;cellAlign&quot;: &quot;left&quot;,&quot;wrapAround&quot;: true,&quot;prevNextButtons&quot;: true,&quot;percentPosition&quot;: true,&quot;pageDots&quot;: false, &quot;rightToLeft&quot;: false, &quot;autoPlay&quot; : false}' >\n\n  \n\t     <div class=\"product-small col has-hover product type-product post-183562 status-publish first instock product_cat-manteles product_cat-la-mesa product_tag-collezione-bolgheri-es has-post-thumbnail taxable shipping-taxable purchasable product-type-simple\">\n\t<div class=\"col-inner\">\n\t\n<div class=\"badge-container absolute left top z-1\">\n\n<\/div>\n\t<div class=\"product-small box \">\n\t\t<div class=\"box-image\">\n\t\t\t<div class=\"image-fade_in_back\">\n\t\t\t\t<a href=\"https:\/\/www.tendenzeshabbychic.it\/es\/producto\/blanc-mariclo-mantel-gala-verde-170x300-cm-bolgheri\/\">\n\t\t\t\t\t<img loading=\"lazy\" decoding=\"async\" width=\"500\" height=\"500\" src=\"https:\/\/www.tendenzeshabbychic.it\/wp-content\/uploads\/2025\/05\/A3852299VE-500x500.jpg\" class=\"attachment-woocommerce_thumbnail size-woocommerce_thumbnail\" alt=\"Tovaglia Blanc Mariclo rettangolare con fantasia a quadretti verdi e gala arricciata, collezione Bolgheri.\" srcset=\"https:\/\/www.tendenzeshabbychic.it\/wp-content\/uploads\/2025\/05\/A3852299VE-500x500.jpg 500w, https:\/\/www.tendenzeshabbychic.it\/wp-content\/uploads\/2025\/05\/A3852299VE-400x400.jpg 400w, https:\/\/www.tendenzeshabbychic.it\/wp-content\/uploads\/2025\/05\/A3852299VE-800x800.jpg 800w, https:\/\/www.tendenzeshabbychic.it\/wp-content\/uploads\/2025\/05\/A3852299VE-280x280.jpg 280w, https:\/\/www.tendenzeshabbychic.it\/wp-content\/uploads\/2025\/05\/A3852299VE-768x768.jpg 768w, https:\/\/www.tendenzeshabbychic.it\/wp-content\/uploads\/2025\/05\/A3852299VE-100x100.jpg 100w, https:\/\/www.tendenzeshabbychic.it\/wp-content\/uploads\/2025\/05\/A3852299VE-64x64.jpg 64w, https:\/\/www.tendenzeshabbychic.it\/wp-content\/uploads\/2025\/05\/A3852299VE.jpg 1000w\" sizes=\"auto, (max-width: 500px) 100vw, 500px\" \/><img loading=\"lazy\" decoding=\"async\" width=\"500\" height=\"500\" src=\"https:\/\/www.tendenzeshabbychic.it\/wp-content\/uploads\/2025\/05\/A3852299VE-1-500x500.jpg\" class=\"show-on-hover absolute fill hide-for-small back-image\" alt=\"Alternative view of Blanc Mariclo Mantel Gala Verde 170x300 cm Bolgheri\" aria-hidden=\"true\" srcset=\"https:\/\/www.tendenzeshabbychic.it\/wp-content\/uploads\/2025\/05\/A3852299VE-1-500x500.jpg 500w, https:\/\/www.tendenzeshabbychic.it\/wp-content\/uploads\/2025\/05\/A3852299VE-1-400x400.jpg 400w, https:\/\/www.tendenzeshabbychic.it\/wp-content\/uploads\/2025\/05\/A3852299VE-1-800x800.jpg 800w, https:\/\/www.tendenzeshabbychic.it\/wp-content\/uploads\/2025\/05\/A3852299VE-1-280x280.jpg 280w, https:\/\/www.tendenzeshabbychic.it\/wp-content\/uploads\/2025\/05\/A3852299VE-1-768x768.jpg 768w, https:\/\/www.tendenzeshabbychic.it\/wp-content\/uploads\/2025\/05\/A3852299VE-1-100x100.jpg 100w, https:\/\/www.tendenzeshabbychic.it\/wp-content\/uploads\/2025\/05\/A3852299VE-1-64x64.jpg 64w, https:\/\/www.tendenzeshabbychic.it\/wp-content\/uploads\/2025\/05\/A3852299VE-1.jpg 1000w\" sizes=\"auto, (max-width: 500px) 100vw, 500px\" \/>\t\t\t\t<\/a>\n\t\t\t<\/div>\n\t\t\t<div class=\"image-tools is-small top right show-on-hover\">\n\t\t\t\t\t\t\t<\/div>\n\t\t\t<div class=\"image-tools is-small hide-for-small bottom left show-on-hover\">\n\t\t\t\t\t\t\t<\/div>\n\t\t\t<div class=\"image-tools grid-tools text-center hide-for-small bottom hover-slide-in show-on-hover\">\n\t\t\t\t\t\t\t<\/div>\n\t\t\t\t\t<\/div>\n\n\t\t<div class=\"box-text box-text-products\">\n\t\t\t<div class=\"title-wrapper\"><p class=\"name product-title woocommerce-loop-product__title\"><a href=\"https:\/\/www.tendenzeshabbychic.it\/es\/producto\/blanc-mariclo-mantel-gala-verde-170x300-cm-bolgheri\/\" class=\"woocommerce-LoopProduct-link woocommerce-loop-product__link\">Blanc Mariclo Mantel Gala Verde 170&#215;300 cm Bolgheri<\/a><\/p><\/div><div class=\"price-wrapper\">\n\t<span class=\"price\"><span class=\"woocommerce-Price-amount amount\"><bdi>59,00&nbsp;<span class=\"woocommerce-Price-currencySymbol\" translate=\"no\">&euro;<\/span><\/bdi><\/span><\/span>\n<\/div>\t\t<\/div>\n\t<\/div>\n\t\t\t\t<input type=\"hidden\" class=\"pmwProductId\" data-id=\"183562\">\n\t\t\t\t\t<script>\n\t\t\t(window.pmwDataLayer = window.pmwDataLayer || {}).products                = window.pmwDataLayer.products || {};\n\t\t\twindow.pmwDataLayer.products[183562] = {\"id\":\"183562\",\"sku\":\"A3852299VE\",\"price\":59,\"brand\":\"\",\"quantity\":1,\"dyn_r_ids\":{\"post_id\":\"183562\",\"sku\":\"A3852299VE\",\"gpf\":\"woocommerce_gpf_183562\",\"gla\":\"gla_183562\"},\"is_variable\":false,\"type\":\"simple\",\"name\":\"Blanc Mariclo Mantel Gala Verde 170x300 cm Bolgheri\",\"category\":[\"Manteles shabby chic y estilo country | Shabby Chic\",\"La mesa\"],\"is_variation\":false};\n\t\t\t\t\twindow.pmw_product_position = window.pmw_product_position || 1;\n\t\twindow.pmwDataLayer.products[183562]['position'] = window.pmw_product_position++;\n\t\t\t\t<\/script>\n\t\t\t<\/div>\n<\/div><\/div>\n\n\t<div id=\"text-3902993575\" class=\"text\">\n\t\t\n\n<h3><strong>Almohadas y fundas de coj\u00edn: comodidad y estilo<\/strong><\/h3>\n<p>La colecci\u00f3n Bolgheri tambi\u00e9n se extiende a los muebles de sal\u00f3n y exterior, con una selecci\u00f3n de fundas de coj\u00edn con gala, cojines a juego y fundas con lazos.<\/p>\n<p>Perfectos para amueblar sillas, bancos o camas, estos textiles a\u00f1aden encanto y suavidad a todos los rincones de la casa.<\/p>\n\t\t\n<style>\n#text-3902993575 {\n  text-align: left;\n}\n<\/style>\n\t<\/div>\n\t\n\t<div class=\"img has-hover x md-x lg-x y md-y lg-y\" id=\"image_1484989726\">\n\t\t\t\t\t\t\t\t<div class=\"img-inner dark\" >\n\t\t\t<img loading=\"lazy\" decoding=\"async\" width=\"800\" height=\"800\" src=\"https:\/\/www.tendenzeshabbychic.it\/wp-content\/uploads\/2025\/05\/A3852899VE-1-1-800x800.jpg\" class=\"attachment-large size-large\" alt=\"\" srcset=\"https:\/\/www.tendenzeshabbychic.it\/wp-content\/uploads\/2025\/05\/A3852899VE-1-1-800x800.jpg 800w, https:\/\/www.tendenzeshabbychic.it\/wp-content\/uploads\/2025\/05\/A3852899VE-1-1-400x400.jpg 400w, https:\/\/www.tendenzeshabbychic.it\/wp-content\/uploads\/2025\/05\/A3852899VE-1-1-280x280.jpg 280w, https:\/\/www.tendenzeshabbychic.it\/wp-content\/uploads\/2025\/05\/A3852899VE-1-1-768x768.jpg 768w, https:\/\/www.tendenzeshabbychic.it\/wp-content\/uploads\/2025\/05\/A3852899VE-1-1-500x500.jpg 500w, https:\/\/www.tendenzeshabbychic.it\/wp-content\/uploads\/2025\/05\/A3852899VE-1-1-100x100.jpg 100w, https:\/\/www.tendenzeshabbychic.it\/wp-content\/uploads\/2025\/05\/A3852899VE-1-1-64x64.jpg 64w, https:\/\/www.tendenzeshabbychic.it\/wp-content\/uploads\/2025\/05\/A3852899VE-1-1.jpg 1000w\" sizes=\"auto, (max-width: 800px) 100vw, 800px\" \/>\t\t\t\t\t\t\n\t\t\t\t\t<\/div>\n\t\t\t\t\t\t\t\t\n<style>\n#image_1484989726 {\n  width: 60%;\n}\n<\/style>\n\t<\/div>\n\t\n\n\t<div id=\"text-390557731\" class=\"text\">\n\t\t\n\n<h3><strong>Ideas y combinaciones de mobiliario<\/strong><\/h3>\n<p>Perfecta para casas de campo, pisos de estilo shabby o para quienes quieran aportar un toque r\u00fastico-chic a la ciudad.<\/p>\n<p>Combina de maravilla con cer\u00e1mica blanca, muebles decapados, flores frescas y accesorios de mimbre.<\/p>\n<p>Ideal para crear una mise en place coordinada y acogedora en cada estaci\u00f3n.<\/p>\n\t\t\n<style>\n#text-390557731 {\n  text-align: left;\n}\n<\/style>\n\t<\/div>\n\t\n<div class=\"row\"  id=\"row-1371567025\">\n\n\n\t<div id=\"col-1409302775\" class=\"col medium-6 small-12 large-6\"  >\n\t\t\t\t<div class=\"col-inner\"  >\n\t\t\t\n\t\t\t\n\n\t<div class=\"img has-hover x md-x lg-x y md-y lg-y\" id=\"image_719751465\">\n\t\t\t\t\t\t\t\t<div class=\"img-inner dark\" >\n\t\t\t<img loading=\"lazy\" decoding=\"async\" width=\"768\" height=\"768\" src=\"https:\/\/www.tendenzeshabbychic.it\/wp-content\/uploads\/2025\/05\/A3852399NT-1-768x768.jpg\" class=\"attachment-medium_large size-medium_large\" alt=\"\" srcset=\"https:\/\/www.tendenzeshabbychic.it\/wp-content\/uploads\/2025\/05\/A3852399NT-1-768x768.jpg 768w, https:\/\/www.tendenzeshabbychic.it\/wp-content\/uploads\/2025\/05\/A3852399NT-1-400x400.jpg 400w, https:\/\/www.tendenzeshabbychic.it\/wp-content\/uploads\/2025\/05\/A3852399NT-1-800x800.jpg 800w, https:\/\/www.tendenzeshabbychic.it\/wp-content\/uploads\/2025\/05\/A3852399NT-1-280x280.jpg 280w, https:\/\/www.tendenzeshabbychic.it\/wp-content\/uploads\/2025\/05\/A3852399NT-1-500x500.jpg 500w, https:\/\/www.tendenzeshabbychic.it\/wp-content\/uploads\/2025\/05\/A3852399NT-1-100x100.jpg 100w, https:\/\/www.tendenzeshabbychic.it\/wp-content\/uploads\/2025\/05\/A3852399NT-1-64x64.jpg 64w, https:\/\/www.tendenzeshabbychic.it\/wp-content\/uploads\/2025\/05\/A3852399NT-1.jpg 1000w\" sizes=\"auto, (max-width: 768px) 100vw, 768px\" \/>\t\t\t\t\t\t\n\t\t\t\t\t<\/div>\n\t\t\t\t\t\t\t\t\n<style>\n#image_719751465 {\n  width: 100%;\n}\n<\/style>\n\t<\/div>\n\t\n\n\n\t\t<\/div>\n\t\t\t\t\t<\/div>\n\n\t\n\n\t<div id=\"col-482742515\" class=\"col medium-6 small-12 large-6\"  >\n\t\t\t\t<div class=\"col-inner\"  >\n\t\t\t\n\t\t\t\n\n\t<div class=\"img has-hover x md-x lg-x y md-y lg-y\" id=\"image_877585631\">\n\t\t\t\t\t\t\t\t<div class=\"img-inner dark\" >\n\t\t\t<img loading=\"lazy\" decoding=\"async\" width=\"768\" height=\"768\" src=\"https:\/\/www.tendenzeshabbychic.it\/wp-content\/uploads\/2025\/05\/A3852299NT-1-768x768.jpg\" class=\"attachment-medium_large size-medium_large\" alt=\"Tovaglia rettangolare Blanc Mariclo con fantasia Vichy naturale e balza arricciata da 10 cm, collezione Bolgheri.\" srcset=\"https:\/\/www.tendenzeshabbychic.it\/wp-content\/uploads\/2025\/05\/A3852299NT-1-768x768.jpg 768w, https:\/\/www.tendenzeshabbychic.it\/wp-content\/uploads\/2025\/05\/A3852299NT-1-400x400.jpg 400w, https:\/\/www.tendenzeshabbychic.it\/wp-content\/uploads\/2025\/05\/A3852299NT-1-800x800.jpg 800w, https:\/\/www.tendenzeshabbychic.it\/wp-content\/uploads\/2025\/05\/A3852299NT-1-280x280.jpg 280w, https:\/\/www.tendenzeshabbychic.it\/wp-content\/uploads\/2025\/05\/A3852299NT-1-500x500.jpg 500w, https:\/\/www.tendenzeshabbychic.it\/wp-content\/uploads\/2025\/05\/A3852299NT-1-100x100.jpg 100w, https:\/\/www.tendenzeshabbychic.it\/wp-content\/uploads\/2025\/05\/A3852299NT-1-64x64.jpg 64w, https:\/\/www.tendenzeshabbychic.it\/wp-content\/uploads\/2025\/05\/A3852299NT-1.jpg 1000w\" sizes=\"auto, (max-width: 768px) 100vw, 768px\" \/>\t\t\t\t\t\t\n\t\t\t\t\t<\/div>\n\t\t\t\t\t\t\t\t\n<style>\n#image_877585631 {\n  width: 100%;\n}\n<\/style>\n\t<\/div>\n\t\n\n\n\t\t<\/div>\n\t\t\t\t\t<\/div>\n\n\t\n\n<\/div>\n\t<div id=\"text-3062769994\" class=\"text\">\n\t\t\n\n<p>Descubre toda la Colecci\u00f3n Bolgheri en TendenzeShabbyChic.es y d\u00e9jate conquistar por la delicadeza de los cuadros y la calidad de Blanc MariCl\u00f2.<\/p>\n\t\t\n<style>\n#text-3062769994 {\n  font-size: 1.75rem;\n}\n<\/style>\n\t<\/div>\n\t\n<a href=\"https:\/\/www.tendenzeshabbychic.it\/es\/etiqueta-producto\/collezione-bolgheri-es\/\" class=\"button primary is-shade is-larger box-shadow-4 box-shadow-5-hover\" style=\"border-radius:10px;\">\n\t\t<span>COLECCI\u00d3N bolgheri<\/span>\n\t<\/a>\n\n\n\n\t\t<\/div>\n\t\t\t\t\t<\/div>\n\n\t\n\n<\/div>\n\n","protected":false},"excerpt":{"rendered":"","protected":false},"author":1,"featured_media":183521,"comment_status":"closed","ping_status":"closed","sticky":false,"template":"","format":"standard","meta":{"_joinchat":[],"footnotes":""},"categories":[2074],"tags":[],"class_list":["post-183567","post","type-post","status-publish","format-standard","has-post-thumbnail","hentry","category-blanc-mariclo-es"],"_links":{"self":[{"href":"https:\/\/www.tendenzeshabbychic.it\/es\/wp-json\/wp\/v2\/posts\/183567","targetHints":{"allow":["GET"]}}],"collection":[{"href":"https:\/\/www.tendenzeshabbychic.it\/es\/wp-json\/wp\/v2\/posts"}],"about":[{"href":"https:\/\/www.tendenzeshabbychic.it\/es\/wp-json\/wp\/v2\/types\/post"}],"author":[{"embeddable":true,"href":"https:\/\/www.tendenzeshabbychic.it\/es\/wp-json\/wp\/v2\/users\/1"}],"replies":[{"embeddable":true,"href":"https:\/\/www.tendenzeshabbychic.it\/es\/wp-json\/wp\/v2\/comments?post=183567"}],"version-history":[{"count":0,"href":"https:\/\/www.tendenzeshabbychic.it\/es\/wp-json\/wp\/v2\/posts\/183567\/revisions"}],"wp:featuredmedia":[{"embeddable":true,"href":"https:\/\/www.tendenzeshabbychic.it\/es\/wp-json\/wp\/v2\/media\/183521"}],"wp:attachment":[{"href":"https:\/\/www.tendenzeshabbychic.it\/es\/wp-json\/wp\/v2\/media?parent=183567"}],"wp:term":[{"taxonomy":"category","embeddable":true,"href":"https:\/\/www.tendenzeshabbychic.it\/es\/wp-json\/wp\/v2\/categories?post=183567"},{"taxonomy":"post_tag","embeddable":true,"href":"https:\/\/www.tendenzeshabbychic.it\/es\/wp-json\/wp\/v2\/tags?post=183567"}],"curies":[{"name":"wp","href":"https:\/\/api.w.org\/{rel}","templated":true}]}}