{"id":173682,"date":"2025-01-28T11:17:10","date_gmt":"2025-01-28T10:17:10","guid":{"rendered":"https:\/\/www.tendenzeshabbychic.it\/2025\/01\/28\/le-jardin-des-lapins-una-coleccion-que-celebra-la-primavera-y-la-dulzura-de-la-pascua\/"},"modified":"2025-01-28T11:19:08","modified_gmt":"2025-01-28T10:19:08","slug":"le-jardin-des-lapins-una-coleccion-que-celebra-la-primavera-y-la-dulzura-de-la-pascua","status":"publish","type":"post","link":"https:\/\/www.tendenzeshabbychic.it\/es\/2025\/01\/28\/le-jardin-des-lapins-una-coleccion-que-celebra-la-primavera-y-la-dulzura-de-la-pascua\/","title":{"rendered":"LE JARDIN DES LAPINS: Una colecci\u00f3n que celebra la primavera y la dulzura de la Pascua"},"content":{"rendered":"\n<div class=\"row\"  id=\"row-908948752\">\n\n\n\t<div id=\"col-1092797836\" class=\"col small-12 large-12\"  >\n\t\t\t\t<div class=\"col-inner text-center\"  >\n\t\t\t\n\t\t\t\n\n\t<div id=\"text-3874183918\" class=\"text\">\n\t\t\n\n<p><strong>LE JARDIN DES LAPINS: Una colecci\u00f3n que celebra la primavera y la dulzura de la Pascua<\/strong><\/p>\n<p>La primavera es una estaci\u00f3n de renacimiento y belleza, y Blanc Mariclo sabe c\u00f3mo capturar su esencia con la nueva colecci\u00f3n <strong>Le Jardin des Lapins<\/strong> . Esta l\u00ednea, dise\u00f1ada para decorar las estancias de tu hogar con elegancia y calidez, combina motivos pascuales y detalles florales en un estilo refinado, perfecto para los amantes de un ambiente rom\u00e1ntico y shabby chic. <\/p>\n<h3><strong>Una inspiraci\u00f3n primaveral atemporal<\/strong><\/h3>\n<p>La colecci\u00f3n Le Jardin des Lapins destaca por la delicadeza de sus detalles: dulces conejitos inmersos en paisajes florales, huevos decorados y suaves tonalidades de verde salvia, crema y blanco. Cada pieza est\u00e1 dise\u00f1ada para aportar un toque de frescura y serenidad a tu hogar, transformando cada espacio en un peque\u00f1o jard\u00edn primaveral. <\/p>\n\t\t\n<style>\n#text-3874183918 {\n  text-align: left;\n}\n<\/style>\n\t<\/div>\n\t\n\t\n  \n    <div class=\"row  equalize-box large-columns-4 medium-columns-3 small-columns-2 row-small has-shadow row-box-shadow-1\" >\n  <\/div>\n\n\t<div id=\"text-1996423093\" class=\"text\">\n\t\t\n\n<h3><strong>Elementos de dise\u00f1o \u00fanicos<\/strong><\/h3>\n<p>Los productos de la colecci\u00f3n se caracterizan por materiales de alta calidad, con una combinaci\u00f3n de <strong>70% algod\u00f3n y 30% fibra sint\u00e9tica<\/strong> , lo que garantiza resistencia y facilidad de mantenimiento sin renunciar a una suavidad inigualable. Entre los detalles distintivos, encontramos: <\/p>\n<ul>\n<li><strong>Galas decorativas<\/strong> : presentes en manteles, caminos y cojines, aportan un toque de elegancia y movimiento.<\/li>\n<li><strong>Dise\u00f1os de doble cara<\/strong> : Algunos art\u00edculos, como los agarraderas, ofrecen dos dise\u00f1os en uno, combinando practicidad y belleza.<\/li>\n<li><strong>Colores naturales<\/strong> : tonalidades delicadas que combinan a la perfecci\u00f3n con un estilo shabby chic o r\u00fastico.<\/li>\n<\/ul>\n<h3><strong>Perfecto para cualquier ambiente<\/strong><\/h3>\n<p>La colecci\u00f3n Le Jardin des Lapins est\u00e1 dise\u00f1ada para adaptarse a cada rinc\u00f3n del hogar:<\/p>\n<ul>\n<li><strong>Mesa<\/strong> : manteles, manteles individuales y caminos de mesa decoran con estilo los momentos de convivencia.<\/li>\n<li><strong>Cocina<\/strong> : los agarraderas y los pa\u00f1os de cocina hacen de cada gesto en la cocina una oportunidad para celebrar la primavera.<\/li>\n<li><strong>Dormitorio y sal\u00f3n<\/strong> : cojines en forma de coraz\u00f3n, fundas para cojines de sillas y alfombras enriquecen las habitaciones con detalles rom\u00e1nticos y acogedores.<\/li>\n<\/ul>\n\t\t\n<style>\n#text-1996423093 {\n  text-align: left;\n}\n<\/style>\n\t<\/div>\n\t\n\t<div class=\"img has-hover x md-x lg-x y md-y lg-y\" id=\"image_219253642\">\n\t\t\t\t\t\t\t\t<div class=\"img-inner dark\" >\n\t\t\t<img loading=\"lazy\" decoding=\"async\" width=\"500\" height=\"500\" src=\"https:\/\/www.tendenzeshabbychic.it\/wp-content\/uploads\/2025\/01\/A37663-1-500x500.jpg\" class=\"attachment-woocommerce_thumbnail size-woocommerce_thumbnail\" alt=\"\" srcset=\"https:\/\/www.tendenzeshabbychic.it\/wp-content\/uploads\/2025\/01\/A37663-1-500x500.jpg 500w, https:\/\/www.tendenzeshabbychic.it\/wp-content\/uploads\/2025\/01\/A37663-1-400x400.jpg 400w, https:\/\/www.tendenzeshabbychic.it\/wp-content\/uploads\/2025\/01\/A37663-1-800x800.jpg 800w, https:\/\/www.tendenzeshabbychic.it\/wp-content\/uploads\/2025\/01\/A37663-1-280x280.jpg 280w, https:\/\/www.tendenzeshabbychic.it\/wp-content\/uploads\/2025\/01\/A37663-1-768x768.jpg 768w, https:\/\/www.tendenzeshabbychic.it\/wp-content\/uploads\/2025\/01\/A37663-1-100x100.jpg 100w, https:\/\/www.tendenzeshabbychic.it\/wp-content\/uploads\/2025\/01\/A37663-1-64x64.jpg 64w, https:\/\/www.tendenzeshabbychic.it\/wp-content\/uploads\/2025\/01\/A37663-1.jpg 1000w\" sizes=\"auto, (max-width: 500px) 100vw, 500px\" \/>\t\t\t\t\t\t\n\t\t\t\t\t<\/div>\n\t\t\t\t\t\t\t\t\n<style>\n#image_219253642 {\n  width: 70%;\n}\n<\/style>\n\t<\/div>\n\t\n\n\t<div id=\"text-1867413504\" class=\"text\">\n\t\t\n\n<h3><strong>Ideal para Semana Santa y m\u00e1s all\u00e1<\/strong><\/h3>\n<p>Aunque esta colecci\u00f3n es perfecta para decorar el hogar durante las vacaciones de Semana Santa, su dise\u00f1o atemporal la hace ideal para toda la temporada de primavera. Es la elecci\u00f3n perfecta para crear un ambiente c\u00e1lido y acogedor, donde cada detalle cuenta una historia de dulzura y renacimiento. <\/p>\n\t\t\n<style>\n#text-1867413504 {\n  text-align: left;\n}\n<\/style>\n\t<\/div>\n\t\n\t<div class=\"img has-hover x md-x lg-x y md-y lg-y\" id=\"image_1607735687\">\n\t\t\t\t\t\t\t\t<div class=\"img-inner dark\" >\n\t\t\t\t\t\t\t\t\t\n\t\t\t\t\t<\/div>\n\t\t\t\t\t\t\t\t\n<style>\n#image_1607735687 {\n  width: 70%;\n}\n<\/style>\n\t<\/div>\n\t\n\n\t<div id=\"text-4268925785\" class=\"text\">\n\t\t\n\n<h3><strong>Crea tu propio jard\u00edn primaveral con Le Jardin des Lapins<\/strong><\/h3>\n<p>Blanc Mariclo , con la colecci\u00f3n Le Jardin des Lapins, te invita a transformar tu hogar en un lugar m\u00e1gico y sereno, donde se encuentran la belleza de la naturaleza y la elegancia del dise\u00f1o. Tanto si buscas un regalo especial como si quieres enriquecer tu espacio con un toque primaveral, esta colecci\u00f3n es la elecci\u00f3n perfecta. <\/p>\n<p>Visite nuestra selecci\u00f3n y d\u00e9jese encantar por la dulzura y la calidad de <strong>Le Jardin des Lapins<\/strong> : cada producto est\u00e1 dise\u00f1ado para brindarle una experiencia \u00fanica e inolvidable.<\/p>\n\t\t\n<style>\n#text-4268925785 {\n  text-align: left;\n}\n<\/style>\n\t<\/div>\n\t\n<a href=\"https:\/\/www.tendenzeshabbychic.it\/es\/etiqueta-producto\/les-jardin-des-lapins-es\/\" class=\"button primary is-shade is-larger box-shadow-4 box-shadow-5-hover\" style=\"border-radius:10px;\">\n\t\t<span>DESCUBRE LA COLECCI\u00d3N<\/span>\n\t<\/a>\n\n\n\n\t\t<\/div>\n\t\t\t\t\t<\/div>\n\n\t\n\n<\/div>\n\n","protected":false},"excerpt":{"rendered":"","protected":false},"author":1,"featured_media":0,"comment_status":"closed","ping_status":"closed","sticky":false,"template":"","format":"standard","meta":{"_joinchat":[],"footnotes":""},"categories":[2074],"tags":[],"class_list":["post-173682","post","type-post","status-publish","format-standard","hentry","category-blanc-mariclo-es"],"_links":{"self":[{"href":"https:\/\/www.tendenzeshabbychic.it\/es\/wp-json\/wp\/v2\/posts\/173682","targetHints":{"allow":["GET"]}}],"collection":[{"href":"https:\/\/www.tendenzeshabbychic.it\/es\/wp-json\/wp\/v2\/posts"}],"about":[{"href":"https:\/\/www.tendenzeshabbychic.it\/es\/wp-json\/wp\/v2\/types\/post"}],"author":[{"embeddable":true,"href":"https:\/\/www.tendenzeshabbychic.it\/es\/wp-json\/wp\/v2\/users\/1"}],"replies":[{"embeddable":true,"href":"https:\/\/www.tendenzeshabbychic.it\/es\/wp-json\/wp\/v2\/comments?post=173682"}],"version-history":[{"count":0,"href":"https:\/\/www.tendenzeshabbychic.it\/es\/wp-json\/wp\/v2\/posts\/173682\/revisions"}],"wp:attachment":[{"href":"https:\/\/www.tendenzeshabbychic.it\/es\/wp-json\/wp\/v2\/media?parent=173682"}],"wp:term":[{"taxonomy":"category","embeddable":true,"href":"https:\/\/www.tendenzeshabbychic.it\/es\/wp-json\/wp\/v2\/categories?post=173682"},{"taxonomy":"post_tag","embeddable":true,"href":"https:\/\/www.tendenzeshabbychic.it\/es\/wp-json\/wp\/v2\/tags?post=173682"}],"curies":[{"name":"wp","href":"https:\/\/api.w.org\/{rel}","templated":true}]}}