{"id":173478,"date":"2025-01-23T19:23:16","date_gmt":"2025-01-23T18:23:16","guid":{"rendered":"https:\/\/www.tendenzeshabbychic.it\/2025\/01\/23\/memoires-de-provence-la-elegancia-atemporal-del-estilo-shabby-chic\/"},"modified":"2025-01-23T19:24:38","modified_gmt":"2025-01-23T18:24:38","slug":"memoires-de-provence-la-elegancia-atemporal-del-estilo-shabby-chic","status":"publish","type":"post","link":"https:\/\/www.tendenzeshabbychic.it\/es\/2025\/01\/23\/memoires-de-provence-la-elegancia-atemporal-del-estilo-shabby-chic\/","title":{"rendered":"M\u00e9moires de Provence: la elegancia atemporal del estilo shabby chic"},"content":{"rendered":"\n<div class=\"row\"  id=\"row-717339744\">\n\n\n\t<div id=\"col-1941441562\" class=\"col small-12 large-12\"  >\n\t\t\t\t<div class=\"col-inner text-center\"  >\n\t\t\t\n\t\t\t\n\n\t<div id=\"text-3864338946\" class=\"text\">\n\t\t\n\n<p>La colecci\u00f3n <em>Memoires de Provence<\/em> de Blanc Mariclo representa un viaje al coraz\u00f3n de Provenza , un lugar encantado donde la elegancia, el encanto y la autenticidad se combinan para dar vida a muebles atemporales. Cada pieza de esta colecci\u00f3n cuenta una historia, inspirada en la tradici\u00f3n provenzal y el romanticismo del estilo shabby chic. <\/p>\n<p>Si le encanta la calidez de los detalles r\u00fasticos pero refinados, <em>Memoires de Provence<\/em> es la elecci\u00f3n perfecta para transformar su hogar en un refugio acogedor y sofisticado. En este art\u00edculo exploraremos las caracter\u00edsticas distintivas de esta colecci\u00f3n y te daremos ideas sobre c\u00f3mo usarla para decorar tus espacios. <\/p>\n\t\t\n<style>\n#text-3864338946 {\n  text-align: left;\n}\n<\/style>\n\t<\/div>\n\t\n\t\n  \n    <div class=\"row large-columns-4 medium-columns-3 small-columns-2 row-small has-shadow row-box-shadow-1\" >\n  \n\t     <div class=\"product-small col has-hover product type-product post-172253 status-publish first instock product_cat-muebles product_tag-memoires-de-provence-fr product_tag-patine-vintage has-post-thumbnail taxable shipping-taxable purchasable product-type-simple\">\n\t<div class=\"col-inner\">\n\t\n<div class=\"badge-container absolute left top z-1\">\n\n<\/div>\n\t<div class=\"product-small box \">\n\t\t<div class=\"box-image\">\n\t\t\t<div class=\"image-fade_in_back\">\n\t\t\t\t<a href=\"https:\/\/www.tendenzeshabbychic.it\/es\/producto\/revistero-de-hierro-y-madera-blanc-mariclo-34x73-cm\/\">\n\t\t\t\t\t<img loading=\"lazy\" decoding=\"async\" width=\"500\" height=\"500\" src=\"https:\/\/www.tendenzeshabbychic.it\/wp-content\/uploads\/2025\/01\/A37538-500x500.jpg\" class=\"attachment-woocommerce_thumbnail size-woocommerce_thumbnail\" alt=\"Revistero de hierro con detalles decorativos y tapa de madera, dise\u00f1o vintage, tama\u00f1o 34x73 cm.\" srcset=\"https:\/\/www.tendenzeshabbychic.it\/wp-content\/uploads\/2025\/01\/A37538-500x500.jpg 500w, https:\/\/www.tendenzeshabbychic.it\/wp-content\/uploads\/2025\/01\/A37538-400x400.jpg 400w, https:\/\/www.tendenzeshabbychic.it\/wp-content\/uploads\/2025\/01\/A37538-800x800.jpg 800w, https:\/\/www.tendenzeshabbychic.it\/wp-content\/uploads\/2025\/01\/A37538-280x280.jpg 280w, https:\/\/www.tendenzeshabbychic.it\/wp-content\/uploads\/2025\/01\/A37538-768x768.jpg 768w, https:\/\/www.tendenzeshabbychic.it\/wp-content\/uploads\/2025\/01\/A37538-100x100.jpg 100w, https:\/\/www.tendenzeshabbychic.it\/wp-content\/uploads\/2025\/01\/A37538-64x64.jpg 64w, https:\/\/www.tendenzeshabbychic.it\/wp-content\/uploads\/2025\/01\/A37538.jpg 1000w\" sizes=\"auto, (max-width: 500px) 100vw, 500px\" \/><img loading=\"lazy\" decoding=\"async\" width=\"500\" height=\"500\" src=\"https:\/\/www.tendenzeshabbychic.it\/wp-content\/uploads\/2025\/01\/A37538-4-500x500.jpg\" class=\"show-on-hover absolute fill hide-for-small back-image\" alt=\"Alternative view of Revistero de hierro y madera Blanc Maricl\u00f2 34x73 cm\" aria-hidden=\"true\" srcset=\"https:\/\/www.tendenzeshabbychic.it\/wp-content\/uploads\/2025\/01\/A37538-4-500x500.jpg 500w, https:\/\/www.tendenzeshabbychic.it\/wp-content\/uploads\/2025\/01\/A37538-4-400x400.jpg 400w, https:\/\/www.tendenzeshabbychic.it\/wp-content\/uploads\/2025\/01\/A37538-4-800x800.jpg 800w, https:\/\/www.tendenzeshabbychic.it\/wp-content\/uploads\/2025\/01\/A37538-4-280x280.jpg 280w, https:\/\/www.tendenzeshabbychic.it\/wp-content\/uploads\/2025\/01\/A37538-4-768x768.jpg 768w, https:\/\/www.tendenzeshabbychic.it\/wp-content\/uploads\/2025\/01\/A37538-4-100x100.jpg 100w, https:\/\/www.tendenzeshabbychic.it\/wp-content\/uploads\/2025\/01\/A37538-4-64x64.jpg 64w, https:\/\/www.tendenzeshabbychic.it\/wp-content\/uploads\/2025\/01\/A37538-4.jpg 1000w\" sizes=\"auto, (max-width: 500px) 100vw, 500px\" \/>\t\t\t\t<\/a>\n\t\t\t<\/div>\n\t\t\t<div class=\"image-tools is-small top right show-on-hover\">\n\t\t\t\t\t\t\t<\/div>\n\t\t\t<div class=\"image-tools is-small hide-for-small bottom left show-on-hover\">\n\t\t\t\t\t\t\t<\/div>\n\t\t\t<div class=\"image-tools grid-tools text-center hide-for-small bottom hover-slide-in show-on-hover\">\n\t\t\t\t\t\t\t<\/div>\n\t\t\t\t\t<\/div>\n\n\t\t<div class=\"box-text box-text-products\">\n\t\t\t<div class=\"title-wrapper\"><p class=\"name product-title woocommerce-loop-product__title\"><a href=\"https:\/\/www.tendenzeshabbychic.it\/es\/producto\/revistero-de-hierro-y-madera-blanc-mariclo-34x73-cm\/\" class=\"woocommerce-LoopProduct-link woocommerce-loop-product__link\">Revistero de hierro y madera Blanc Maricl\u00f2 34&#215;73 cm<\/a><\/p><\/div><div class=\"price-wrapper\">\n\t<span class=\"price\"><span class=\"woocommerce-Price-amount amount\"><bdi>182,00&nbsp;<span class=\"woocommerce-Price-currencySymbol\" translate=\"no\">&euro;<\/span><\/bdi><\/span><\/span>\n<\/div>\t\t<\/div>\n\t<\/div>\n\t\t\t\t<input type=\"hidden\" class=\"pmwProductId\" data-id=\"172253\">\n\t\t\t\t\t<script>\n\t\t\t(window.pmwDataLayer = window.pmwDataLayer || {}).products                = window.pmwDataLayer.products || {};\n\t\t\twindow.pmwDataLayer.products[172253] = {\"id\":\"172253\",\"sku\":\"A37538\",\"price\":182,\"brand\":\"\",\"quantity\":1,\"dyn_r_ids\":{\"post_id\":\"172253\",\"sku\":\"A37538\",\"gpf\":\"woocommerce_gpf_172253\",\"gla\":\"gla_172253\"},\"is_variable\":false,\"type\":\"simple\",\"name\":\"Revistero de hierro y madera Blanc Maricl\u00f2 34x73 cm\",\"category\":[\"Muebles\"],\"is_variation\":false};\n\t\t\t\t\twindow.pmw_product_position = window.pmw_product_position || 1;\n\t\twindow.pmwDataLayer.products[172253]['position'] = window.pmw_product_position++;\n\t\t\t\t<\/script>\n\t\t\t<\/div>\n<\/div><\/div>\n\n\t<div id=\"text-2111637932\" class=\"text\">\n\t\t\n\n<h3><strong>Una armon\u00eda de materiales y acabados vintage.<\/strong><\/h3>\n<p>La colecci\u00f3n <em>Memoires de Provence<\/em> destaca por el h\u00e1bil uso de materiales como el metal y la madera, combinados con acabados antiguos que evocan el encanto de los muebles de \u00e9poca. La paleta de colores apagados, dominada por tonos naturales como el beige, el blanquecino y el marr\u00f3n claro, le da a cada pieza un aspecto aut\u00e9ntico y vivido. <\/p>\n<p>Cada objeto, desde mesas de caf\u00e9 hasta bandejas decorativas, presenta detalles tallados, bordes trabajados y motivos florales que recuerdan la tradici\u00f3n artesanal francesa. Estos elementos decorativos confieren singularidad a cada elemento, transform\u00e1ndolo en un complemento de decoraci\u00f3n capaz de realzar cualquier ambiente. <\/p>\n\t\t\n<style>\n#text-2111637932 {\n  text-align: left;\n}\n<\/style>\n\t<\/div>\n\t\n\t<div class=\"img has-hover x md-x lg-x y md-y lg-y\" id=\"image_828276269\">\n\t\t\t\t\t\t\t\t<div class=\"img-inner dark\" >\n\t\t\t<img loading=\"lazy\" decoding=\"async\" width=\"500\" height=\"500\" src=\"https:\/\/www.tendenzeshabbychic.it\/wp-content\/uploads\/2025\/01\/A37548-4-500x500.jpg\" class=\"attachment-woocommerce_thumbnail size-woocommerce_thumbnail\" alt=\"Consolle da parete con struttura in metallo, tre ripiani decorati con bordi ad arco e gambe ricurve, ideale per esporre piante o oggetti decorativi.\" srcset=\"https:\/\/www.tendenzeshabbychic.it\/wp-content\/uploads\/2025\/01\/A37548-4-500x500.jpg 500w, https:\/\/www.tendenzeshabbychic.it\/wp-content\/uploads\/2025\/01\/A37548-4-400x400.jpg 400w, https:\/\/www.tendenzeshabbychic.it\/wp-content\/uploads\/2025\/01\/A37548-4-800x800.jpg 800w, https:\/\/www.tendenzeshabbychic.it\/wp-content\/uploads\/2025\/01\/A37548-4-280x280.jpg 280w, https:\/\/www.tendenzeshabbychic.it\/wp-content\/uploads\/2025\/01\/A37548-4-768x768.jpg 768w, https:\/\/www.tendenzeshabbychic.it\/wp-content\/uploads\/2025\/01\/A37548-4-100x100.jpg 100w, https:\/\/www.tendenzeshabbychic.it\/wp-content\/uploads\/2025\/01\/A37548-4-64x64.jpg 64w, https:\/\/www.tendenzeshabbychic.it\/wp-content\/uploads\/2025\/01\/A37548-4.jpg 1000w\" sizes=\"auto, (max-width: 500px) 100vw, 500px\" \/>\t\t\t\t\t\t\n\t\t\t\t\t<\/div>\n\t\t\t\t\t\t\t\t\n<style>\n#image_828276269 {\n  width: 70%;\n}\n<\/style>\n\t<\/div>\n\t\n\n\t<div id=\"text-581449654\" class=\"text\">\n\t\t\n\n<h3><strong>Piezas ic\u00f3nicas de la colecci\u00f3n.<\/strong><\/h3>\n<p>Entre los imprescindibles de <em>M\u00e9moires de Provence<\/em> encontramos:<\/p>\n<ol>\n<li>\n<p><strong>Mesas de centro y consolas:<\/strong><br> Elegantes y funcionales, las mesas de centro y consolas de la colecci\u00f3n son perfectas para enriquecer el sal\u00f3n o la entrada. El trabajo en metal y los acabados shabby chic los hacen ideales para un estilo rom\u00e1ntico y sofisticado. <\/p>\n<\/li>\n<li>\n<p><strong>Faroles y maceteros:<\/strong><br> Estos complementos de decoraci\u00f3n aportan calidez y personalidad a los espacios interiores y exteriores. Los faroles con detalles perforados y los maceteros met\u00e1licos decorados aportan un toque de naturaleza y luminosidad a las estancias. <\/p>\n<\/li>\n<li>\n<p><strong>Soportes y bandejas decorativas:<\/strong><br> Perfectos para embellecer la mesa, estos complementos combinan funcionalidad y belleza, convirti\u00e9ndose en la pieza central de una puesta en escena inolvidable.<\/p>\n<\/li>\n<li>\n<p><strong>Porta revistas y organizador:<\/strong><br> Soluciones pr\u00e1cticas y est\u00e9ticas para organizar libros, revistas u objetos decorativos, ideales para quienes buscan orden sin renunciar al estilo.<\/p>\n<\/li>\n<\/ol>\n\t\t\n<style>\n#text-581449654 {\n  text-align: left;\n}\n<\/style>\n\t<\/div>\n\t\n\t<div class=\"img has-hover x md-x lg-x y md-y lg-y\" id=\"image_162996415\">\n\t\t\t\t\t\t\t\t<div class=\"img-inner dark\" >\n\t\t\t\t\t\t\t\t\t\n\t\t\t\t\t<\/div>\n\t\t\t\t\t\t\t\t\n<style>\n#image_162996415 {\n  width: 70%;\n}\n<\/style>\n\t<\/div>\n\t\n\n\t<div id=\"text-1443503777\" class=\"text\">\n\t\t\n\n<h3><strong>Ideas decorativas con Memorias de Provenza<\/strong><\/h3>\n<p>La versatilidad de la colecci\u00f3n <em>M\u00e9moires de Provence<\/em> permite utilizarla en diferentes contextos, haci\u00e9ndola adecuada tanto para el hogar como para eventos especiales. Aqu\u00ed tienes algunas ideas para integrarlo en tus entornos: <\/p>\n<ul>\n<li><strong>Sala de estar:<\/strong> utilice una mesa consola como base para un jarr\u00f3n con flores frescas o una l\u00e1mpara de aspecto vintage. Complete el look con linternas a la luz de las velas para crear un ambiente acogedor. <\/li>\n<li><strong>Jard\u00edn o terraza:<\/strong> Los maceteros y farolillos de la colecci\u00f3n son perfectos para decorar espacios exteriores, dando un toque rom\u00e1ntico a tus veladas al aire libre.<\/li>\n<li><strong>Comedor:<\/strong> Elija bandejas y soportes decorativos para servir postres y aperitivos, transformando cada momento de convivencia en una experiencia refinada.<\/li>\n<li><strong>Dormitorio:<\/strong> una mesa de centro estilo shabby chic se puede utilizar como mesita de noche, a\u00f1adiendo un toque po\u00e9tico y relajante a su espacio para dormir.<\/li>\n<\/ul>\n\t\t\n<style>\n#text-1443503777 {\n  text-align: left;\n}\n<\/style>\n\t<\/div>\n\t\n\t<div class=\"img has-hover x md-x lg-x y md-y lg-y\" id=\"image_272131978\">\n\t\t\t\t\t\t\t\t<div class=\"img-inner dark\" >\n\t\t\t\t\t\t\t\t\t\n\t\t\t\t\t<\/div>\n\t\t\t\t\t\t\t\t\n<style>\n#image_272131978 {\n  width: 70%;\n}\n<\/style>\n\t<\/div>\n\t\n\n\t<div id=\"text-3390183019\" class=\"text\">\n\t\t\n\n<h3><strong>Por qu\u00e9 elegir Memorias de Provenza<\/strong><\/h3>\n<p><em>Memoires de Provence<\/em> no es s\u00f3lo una colecci\u00f3n de muebles, sino un verdadero estilo de vida. Cada pieza est\u00e1 dise\u00f1ada para evocar emociones y crear ambientes que hablen de ti. La calidad de los materiales, combinada con la atenci\u00f3n al detalle, garantiza que cada art\u00edculo no s\u00f3lo sea bello, sino tambi\u00e9n duradero y funcional.  <\/p>\n<p>Con <em>M\u00e9moires de Provence<\/em> , podr\u00e1 llevar una pizca de Provenza a su hogar, dej\u00e1ndose envolver por el encanto de una tradici\u00f3n atemporal.<\/p>\n<h3><strong>Descubre la colecci\u00f3n<\/strong><\/h3>\n<p>Visita nuestra web <a href=\"https:\/\/www.tendenzeshabbychic.it\/es\/\">Tendenze Shabby Chic<\/a> para descubrir todos los productos de la colecci\u00f3n <em>Memoires de Provence<\/em> . D\u00e9jate inspirar por la belleza del estilo shabby chic y transforma tus espacios en un sue\u00f1o provenzal. <\/p>\n\t\t\n<style>\n#text-3390183019 {\n  text-align: left;\n}\n<\/style>\n\t<\/div>\n\t\n\t<div class=\"img has-hover x md-x lg-x y md-y lg-y\" id=\"image_1630550225\">\n\t\t\t\t\t\t\t\t<div class=\"img-inner dark\" >\n\t\t\t<img loading=\"lazy\" decoding=\"async\" width=\"500\" height=\"500\" src=\"https:\/\/www.tendenzeshabbychic.it\/wp-content\/uploads\/2025\/01\/A36432-4-500x500.jpg\" class=\"attachment-woocommerce_thumbnail size-woocommerce_thumbnail\" alt=\"\" srcset=\"https:\/\/www.tendenzeshabbychic.it\/wp-content\/uploads\/2025\/01\/A36432-4-500x500.jpg 500w, https:\/\/www.tendenzeshabbychic.it\/wp-content\/uploads\/2025\/01\/A36432-4-400x400.jpg 400w, https:\/\/www.tendenzeshabbychic.it\/wp-content\/uploads\/2025\/01\/A36432-4-800x800.jpg 800w, https:\/\/www.tendenzeshabbychic.it\/wp-content\/uploads\/2025\/01\/A36432-4-280x280.jpg 280w, https:\/\/www.tendenzeshabbychic.it\/wp-content\/uploads\/2025\/01\/A36432-4-768x768.jpg 768w, https:\/\/www.tendenzeshabbychic.it\/wp-content\/uploads\/2025\/01\/A36432-4-100x100.jpg 100w, https:\/\/www.tendenzeshabbychic.it\/wp-content\/uploads\/2025\/01\/A36432-4-64x64.jpg 64w, https:\/\/www.tendenzeshabbychic.it\/wp-content\/uploads\/2025\/01\/A36432-4.jpg 1000w\" sizes=\"auto, (max-width: 500px) 100vw, 500px\" \/>\t\t\t\t\t\t\n\t\t\t\t\t<\/div>\n\t\t\t\t\t\t\t\t\n<style>\n#image_1630550225 {\n  width: 70%;\n}\n<\/style>\n\t<\/div>\n\t\n\n<a href=\"https:\/\/www.tendenzeshabbychic.it\/es\/etiqueta-producto\/memoires-de-provence-es\/\" class=\"button primary is-shade is-larger box-shadow-4 box-shadow-5-hover\" style=\"border-radius:10px;\">\n\t\t<span>DESCUBRE M\u00c1S<\/span>\n\t<\/a>\n\n\n\n\t\t<\/div>\n\t\t\t\t\t<\/div>\n\n\t\n\n<\/div>\n\n","protected":false},"excerpt":{"rendered":"","protected":false},"author":1,"featured_media":168356,"comment_status":"closed","ping_status":"closed","sticky":false,"template":"","format":"standard","meta":{"_joinchat":[],"footnotes":""},"categories":[2074],"tags":[3213,3214],"class_list":["post-173478","post","type-post","status-publish","format-standard","has-post-thumbnail","hentry","category-blanc-mariclo-es","tag-decoracion-en-mal-estado","tag-elegante-lamentable"],"_links":{"self":[{"href":"https:\/\/www.tendenzeshabbychic.it\/es\/wp-json\/wp\/v2\/posts\/173478","targetHints":{"allow":["GET"]}}],"collection":[{"href":"https:\/\/www.tendenzeshabbychic.it\/es\/wp-json\/wp\/v2\/posts"}],"about":[{"href":"https:\/\/www.tendenzeshabbychic.it\/es\/wp-json\/wp\/v2\/types\/post"}],"author":[{"embeddable":true,"href":"https:\/\/www.tendenzeshabbychic.it\/es\/wp-json\/wp\/v2\/users\/1"}],"replies":[{"embeddable":true,"href":"https:\/\/www.tendenzeshabbychic.it\/es\/wp-json\/wp\/v2\/comments?post=173478"}],"version-history":[{"count":0,"href":"https:\/\/www.tendenzeshabbychic.it\/es\/wp-json\/wp\/v2\/posts\/173478\/revisions"}],"wp:featuredmedia":[{"embeddable":true,"href":"https:\/\/www.tendenzeshabbychic.it\/es\/wp-json\/wp\/v2\/media\/168356"}],"wp:attachment":[{"href":"https:\/\/www.tendenzeshabbychic.it\/es\/wp-json\/wp\/v2\/media?parent=173478"}],"wp:term":[{"taxonomy":"category","embeddable":true,"href":"https:\/\/www.tendenzeshabbychic.it\/es\/wp-json\/wp\/v2\/categories?post=173478"},{"taxonomy":"post_tag","embeddable":true,"href":"https:\/\/www.tendenzeshabbychic.it\/es\/wp-json\/wp\/v2\/tags?post=173478"}],"curies":[{"name":"wp","href":"https:\/\/api.w.org\/{rel}","templated":true}]}}